{"id":10232,"date":"2020-11-27T00:06:37","date_gmt":"2020-11-26T23:06:37","guid":{"rendered":"http:\/\/lemotdujour.fr\/?p=10232"},"modified":"2020-11-27T00:19:27","modified_gmt":"2020-11-26T23:19:27","slug":"vendredi-27-novembre-2020","status":"publish","type":"post","link":"https:\/\/lemotdujour.fr\/?p=10232","title":{"rendered":"Vendredi 27 novembre 2020"},"content":{"rendered":"<div class=\"mdjTexte\">\u00ab\u00a0Dans le football frigide de cette fin de si\u00e8cle, qui exige qu&rsquo;on gagne et interdit qu&rsquo;on jouisse, cet homme est un des rares \u00e0 d\u00e9montrer que la fantaisie peut elle aussi \u00eatre efficace\u00a0\u00bb<\/div>\n<div class=\"mdjAuteur\">Eduardo Galeano \u00e0 propos de Diego Maradona<\/div>\n<p><span style=\"color: #777777; font-family: Arial;\">Je n&rsquo;avais pas l&rsquo;intention de faire un mot du jour sur ce footballeur, certes extraordinairement dou\u00e9, mais qui avait tant d&rsquo;ombres : lien avec la mafia, drogue, alcool et par moment des propos injurieux au-del\u00e0 de l&rsquo;imaginable.<br \/>\n<\/span><\/p>\n<p><img loading=\"lazy\" decoding=\"async\" class=\"alignleft\" src=\"https:\/\/lemotdujour.fr\/wp-content\/uploads\/2020\/11\/112620_2251_Vendredi27n1.jpg\" alt=\"\" width=\"307\" height=\"374\" align=\"left\" \/><span style=\"color: #777777; font-family: Arial;\">Et puis par hasard, j&rsquo;ai vu ce documentaire d&rsquo;Arte\u00a0: <span style=\"color: #0000ff;\"><a style=\"color: #0000ff;\" href=\"https:\/\/www.arte.tv\/fr\/videos\/034047-000-A\/maradona-un-gamin-en-or\/\">&lt;Un gamin en or&gt;<\/a><\/span><br \/>\n<\/span><\/p>\n<p><span style=\"color: #777777; font-family: Arial;\">Au d\u00e9but je me suis dit\u00a0: je ne vais regarder que les premi\u00e8res minutes et puis j&rsquo;ai \u00e9t\u00e9 happ\u00e9 et je suis all\u00e9 jusqu&rsquo;au bout. C&rsquo;est bouleversant. Bien s\u00fbr, il a fait des erreurs, il a eu des faiblesses., mais quel talent et combien d&rsquo;hostilit\u00e9 il a d\u00fb affronter dans le monde du football institutionnel.<br \/>\n<\/span><\/p>\n<p><span style=\"color: #777777; font-family: Arial;\">Tout le temps agress\u00e9 sur le terrain, parce qu&rsquo;il \u00e9tait trop fort et quasi inarr\u00eatable par des moyens licites.<br \/>\n<\/span><\/p>\n<p><span style=\"color: #777777; font-family: Arial;\">Jusqu&rsquo;\u00e0 ce qu&rsquo;on a appel\u00e9 l&rsquo;attentat d&rsquo;Andoni Goikoextxea que vous pourrez voir sur cette page de &lt;<span style=\"color: #0000ff;\"><a style=\"color: #0000ff;\" href=\"https:\/\/www.sofoot.com\/quand-goikoetxea-s-occupait-de-maradona-216207.html\">Sofoot<\/a><\/span>&gt;<br \/>\n<\/span><\/p>\n<p><span style=\"color: #777777; font-family: Arial;\">C&rsquo;\u00e9tait, le 24\u00a0septembre 1983, un match entre Barcelone, \u00e9quipe dans laquelle jouait Maradona \u00e0 cette \u00e9poque, contre le club basque de l&rsquo;Athletic Bilbao.<br \/>\n<\/span><\/p>\n<p><span style=\"color: #777777; font-family: Arial;\">Maradona donnait le tournis \u00e0 ses adversaires et alors \u00ab\u00a0le sinistre boucher de Bilbao\u00a0\u00bb par un tacle d&rsquo;une violence inou\u00efe venant de derri\u00e8re la jambe gauche a eu pour cons\u00e9quence une fracture de la cheville avec arrachement des ligaments. Pour toute sanction de son ignoble besogne, le mis\u00e9rable n&rsquo;a \u00e9cop\u00e9 que d&rsquo;un carton jaune, alors qu&rsquo;il aurait d\u00fb \u00eatre suspendu \u00e0 vie.<br \/>\n<\/span><\/p>\n<p><span style=\"color: #777777; font-family: Arial;\">Finalement, ce n&rsquo;est pas totalement absurde apr\u00e8s cette longue s\u00e9rie sur Albert Camus, de rendre hommage \u00e0 Diego Armando Maradona, probablement le footballeur le plus extraordinaire que la terre ait port\u00e9.<br \/>\n<\/span><\/p>\n<p><span style=\"color: #777777; font-family: Arial;\">D&rsquo;abord parce que, nous savons combien le football \u00e9tait important pour Camus, alors rendre hommage au meilleur de ce jeu a du sens.<br \/>\n<\/span><\/p>\n<p><span style=\"color: #777777; font-family: Arial;\">Ensuite parce que Diego Maradona est n\u00e9 le 30 octobre 1960, cette m\u00eame ann\u00e9e dans laquelle, le 4 janvier, Albert Camus a trouv\u00e9 la mort dans une voiture qui s&rsquo;est encastr\u00e9e dans un platane.<br \/>\n<\/span><\/p>\n<p><span style=\"color: #777777; font-family: Arial;\">Et puis, celui auquel on a donn\u00e9 le nom de <strong>\u00ab\u00a0El Pibe de Oro\u00a0\u00bb<\/strong> \u00ab\u00a0Le gamin en or\u00a0\u00bb, venait d&rsquo;une famille aussi pauvre que Camus. Ils partagent tous les deux ces origines dans la pauvret\u00e9 \u00e9conomique et la pr\u00e9carit\u00e9.<br \/>\n<\/span><\/p>\n<p><span style=\"color: #777777; font-family: Arial;\">Et aussi, tous les deux malgr\u00e9 ces d\u00e9buts difficiles sont devenus tr\u00e8s c\u00e9l\u00e8bres, Camus en sachant caresser et jongler avec les mots, Maradona en sachant caresser et jongler avec un ballon.<br \/>\n<\/span><\/p>\n<p><span style=\"color: #777777; font-family: Arial;\">Et enfin, tous les deux n&rsquo;ont pas oubli\u00e9 d&rsquo;o\u00f9 ils venaient et toujours eu \u00e0 c\u0153ur \u00e0 d\u00e9fendre les humbles, celles et ceux que la vie n&rsquo;a pas g\u00e2t\u00e9 d\u00e8s leur d\u00e9but.<br \/>\n<\/span><\/p>\n<p><span style=\"color: #777777; font-family: Arial;\">Dans le documentaire, on le voit participer \u00e0 un match de bienfaisance dans la banlieue de Naples pour financer des soins co\u00fbteux pour un enfant modeste. Le terrain est boueux, de mauvaise qualit\u00e9 et il s&rsquo;engage avec le m\u00eame enthousiasme que sur les plus beaux stades.<br \/>\n<\/span><\/p>\n<p><span style=\"color: #777777; font-family: Arial;\"><img loading=\"lazy\" decoding=\"async\" class=\"wp-image-10235 alignright\" src=\"https:\/\/lemotdujour.fr\/wp-content\/uploads\/2020\/11\/Mort-de-Diego-Maradona-.jpg\" alt=\"\" width=\"402\" height=\"231\" srcset=\"https:\/\/lemotdujour.fr\/wp-content\/uploads\/2020\/11\/Mort-de-Diego-Maradona-.jpg 492w, https:\/\/lemotdujour.fr\/wp-content\/uploads\/2020\/11\/Mort-de-Diego-Maradona--300x173.jpg 300w\" sizes=\"auto, (max-width: 402px) 100vw, 402px\" \/>Son go\u00fbt de la justice va plus loin. Apr\u00e8s que Naples son club apr\u00e8s Barcelone, ait gagn\u00e9 pour la premi\u00e8re fois le championnat italien gr\u00e2ce \u00e0 son rayonnement, le Pr\u00e9sident avait d\u00e9cid\u00e9 de verser une prime de victoire aux joueurs\u00a0: une grosse prime pour les titulaires et une petite prime pour les rempla\u00e7ants. Alors <strong>\u00ab\u00a0<\/strong>El Pibe de Oro\u00a0\u00bb est all\u00e9 voir le pr\u00e9sident et l&rsquo;a menac\u00e9 de quitter le club si la m\u00eame prime n&rsquo;\u00e9tait pas vers\u00e9e \u00e0 tous les joueurs titulaires et rempla\u00e7ants et il a exig\u00e9 que tous les salari\u00e9s du club, m\u00eame les plus modestes touchent \u00e9galement une prime parce que par leur engagement ils avaient aussi contribu\u00e9 au succ\u00e8s.<br \/>\n<\/span><\/p>\n<p><span style=\"color: #777777; font-family: Arial;\">J&rsquo;ai vu aussi ce documentaire qui est publi\u00e9 par la cha\u00eene <strong>\u00ab\u00a0Brut\u00a0\u00bb\u00a0: &lt;<span style=\"color: #0000ff;\"><a style=\"color: #0000ff;\" href=\"https:\/\/www.youtube.com\/watch?v=icZUl5rctBs\">Une vie : Diego Maradona<\/a><\/span>&gt;<\/strong><br \/>\n<\/span><\/p>\n<p><span style=\"color: #777777; font-family: Arial;\">Le documentaire, commence par cette r\u00e9ponse de Maradona \u00e0 qui on a probablement demand\u00e9 comment il avait v\u00e9cu la pression en tant que footballeur\u00a0:<br \/>\n<\/span><\/p>\n<p style=\"margin-left: 28pt;\"><span style=\"color: #c00000; font-family: Arial;\">\u00ab\u00a0Vous savez qui a vraiment la pression\u00a0?<br \/>\n<\/span><\/p>\n<p style=\"margin-left: 28pt;\"><span style=\"color: #c00000; font-family: Arial;\">Le type qui doit partir \u00e0 quatre heures du matin<br \/>\net qui ne peut pas ramener 100 pesos \u00e0 la maison,<br \/>\nC&rsquo;est lui qui a la pression<br \/>\nparce qu&rsquo;il doit nourrir ses enfants<br \/>\nJe n&rsquo;ai pas de pression,<br \/>\nchez moi la marmite est remplie, gr\u00e2ce \u00e0 Dieu.\u00a0\u00bb<br \/>\n<\/span><\/p>\n<p><span style=\"color: #777777; font-family: Arial;\">Le directeur de l&rsquo;Institut de relations internationales et strat\u00e9giques (IRIS), <strong>Pascal Boniface<\/strong> resitue Diego Maradona dans son contexte sud-am\u00e9ricain, la plaie de la guerre des Malouines entre la Grande Bretagne et l&rsquo;Argentin et la m\u00e9fiance \u00e0 l&rsquo;\u00e9gard du grand voisin des Etats-Unis d&rsquo;Am\u00e9rique\u00a0: &lt;<a href=\"https:\/\/www.youtube.com\/watch?v=1Ku89pY21Vc\"><span style=\"color: #0000ff;\">G\u00e9opolitique de Maradona<\/span><\/a>&gt;<br \/>\n<\/span><\/p>\n<p><span style=\"color: #777777; font-family: Arial;\">Dans ma longue s\u00e9rie sur le football, j&rsquo;avais parl\u00e9 de celui qui \u00e9crivait sur le football avec intelligence, connaissance et philosophie\u00a0: <strong>Eduardo Galeano<\/strong> \u00e9crivain uruguayen<br \/>\n<\/span><\/p>\n<p><span style=\"color: #777777; font-family: Arial;\">Dans son livre \u00ab Football, ombre et lumi\u00e8re \u00bb<a href=\"https:\/\/sport.francetvinfo.fr\/football\/diego-maradona-la-disparition-dun-genie-tiraille-entre-ombre-et-lumiere\"><span style=\"color: #0000ff;\"> il parlait ainsi de Diego Maradona\u00a0:<\/span><br \/>\n<\/a><\/span><\/p>\n<p style=\"margin-left: 28pt;\"><span style=\"color: #c00000; font-family: Arial;\">\u00ab\u00a0Il \u00e9tait \u00e9puis\u00e9 par le poids de son propre personnage (&#8230;) depuis le jour lointain o\u00f9 la foule avait cri\u00e9 son nom pour la premi\u00e8re fois. Maradona portait un poids nomm\u00e9 Maradona, qui lui faisait grincer du dos. [\u2026]<br \/>\n<\/span><\/p>\n<p style=\"margin-left: 28pt;\"><span style=\"color: #c00000; font-family: Arial;\">Quand Maradona fut, finalement, expuls\u00e9 du Mondial 1994, les terrains de football perdirent leur plus bruyant rebelle. En fin de compte, il \u00e9tait facile de le juger, facile de le condamner, mais il n&rsquo;\u00e9tait pas facile d&rsquo;oublier que Maradona commettait le p\u00e9ch\u00e9 d&rsquo;\u00eatre le meilleur (&#8230;). <strong>Dans le football frigide de cette fin de si\u00e8cle, qui exige qu&rsquo;on gagne et interdit qu&rsquo;on jouisse, cet homme est un des rares \u00e0 d\u00e9montrer que la fantaisie peut elle aussi \u00eatre efficace\u00a0<\/strong>\u00bb.<br \/>\n<\/span><\/p>\n<p><span style=\"color: #777777; font-family: Arial;\">J&rsquo;ai aussi trouv\u00e9 <span style=\"color: #0000ff;\"><a style=\"color: #0000ff;\" href=\"https:\/\/zintv.org\/maradona-selon-eduardo-galeano\/\">cette description<\/a><\/span><span style=\"color: #777777; font-family: Arial;\"> du m\u00eame Galeano\u00a0:<\/span><\/span><\/p>\n<p><img loading=\"lazy\" decoding=\"async\" class=\"wp-image-10231 alignleft\" src=\"https:\/\/lemotdujour.fr\/wp-content\/uploads\/2020\/11\/112620_2251_Vendredi27n2.jpg\" alt=\"\" width=\"373\" height=\"445\" srcset=\"https:\/\/lemotdujour.fr\/wp-content\/uploads\/2020\/11\/112620_2251_Vendredi27n2.jpg 1068w, https:\/\/lemotdujour.fr\/wp-content\/uploads\/2020\/11\/112620_2251_Vendredi27n2-251x300.jpg 251w, https:\/\/lemotdujour.fr\/wp-content\/uploads\/2020\/11\/112620_2251_Vendredi27n2-858x1024.jpg 858w, https:\/\/lemotdujour.fr\/wp-content\/uploads\/2020\/11\/112620_2251_Vendredi27n2-768x917.jpg 768w\" sizes=\"auto, (max-width: 373px) 100vw, 373px\" \/><\/p>\n<p style=\"margin-left: 28pt;\"><span style=\"color: #c00000; font-family: Arial;\">\u00ab\u00a0Aucun footballeur consacr\u00e9, n&rsquo;avait jusqu&rsquo;\u00e0 pr\u00e9sent d\u00e9nonc\u00e9, sans m\u00e2cher ses mots, les ma\u00eetres du football\u2009\u2014\u2009bussines. C&rsquo;est le sportif le plus c\u00e9l\u00e8bre et le plus populaire de tous les temps, qui a plaid\u00e9 en faveur joueurs qui n&rsquo;\u00e9taient ni c\u00e9l\u00e8bres, ni populaires.<br \/>\n<\/span><\/p>\n<p style=\"margin-left: 28pt;\"><span style=\"color: #c00000; font-family: Arial;\">Cette idole g\u00e9n\u00e9reuse et solidaire a \u00e9t\u00e9 capable de commettre, en cinq minutes, les deux buts les plus contradictoires de toute l&rsquo;histoire du football. Ses d\u00e9vots le v\u00e9n\u00e8rent pour les deux buts : le premier est un but d&rsquo;artiste digne d&rsquo;admiration, dribbl\u00e9 par la diablerie de ses jambes, mais aussi, et peut-\u00eatre plus, pour son but de \u00ab voleur \u00bb que sa main a d\u00e9pouill\u00e9.<br \/>\n<\/span><\/p>\n<p style=\"margin-left: 28pt;\"><span style=\"color: #c00000; font-family: Arial;\">Diego Armando Maradona a \u00e9t\u00e9 ador\u00e9 non seulement pour ses jongleries prodigieuses mais aussi parce que c&rsquo;est un Dieu sale, p\u00e9cheur, le plus humain des dieux. N&rsquo;importe qui pourrait se reconna\u00eetre en lui, une synth\u00e8se ambulante des faiblesses humaines, ou du moins masculines : un coureur de filles, un glouton, un ivrogne, un tricheur, un menteur, un fanfaron, un irresponsable.<br \/>\n<\/span><span style=\"color: #c00000; font-family: Arial;\">Mais les dieux ne partent pas \u00e0 la retraite, aussi humains soient-ils.<br \/>\n<\/span><span style=\"color: #c00000; font-family: Arial;\">Il n&rsquo;a jamais pu retourner dans la multitude anonyme d&rsquo;o\u00f9 il venait. La renomm\u00e9e, qui l&rsquo;avait sauv\u00e9 de la mis\u00e8re, l&rsquo;a fait prisonnier.<br \/>\n<\/span><span style=\"color: #c00000; font-family: Arial;\">Maradona a \u00e9t\u00e9 condamn\u00e9 \u00e0 se prendre pour Maradona et oblig\u00e9 d&rsquo;\u00eatre l&rsquo;\u00e9toile de chaque f\u00eate, le b\u00e9b\u00e9 de chaque bapt\u00eame, le mort de chaque veill\u00e9e.<br \/>\n<\/span><span style=\"color: #c00000; font-family: Arial;\">Plus d\u00e9vastateur que la coca\u00efne, est, la r\u00e9ussite. Les analyses d&rsquo;urine ou de sang, ne d\u00e9noncent pas cette drogue.\u00a0\u00bb<br \/>\n<\/span><\/p>\n<p><span style=\"color: #777777; font-family: Arial;\">Et quand l&rsquo;\u00e9crivain uruguayen est d\u00e9c\u00e9d\u00e9, en 2015, Maradona lui a rendu hommage par &lt;<a href=\"https:\/\/lagrinta.fr\/lhommage-de-maradona-a-galeano&amp;7245\/\"><span style=\"color: #0000ff;\">ces mots<\/span><\/a>&gt;<br \/>\n<\/span><\/p>\n<p style=\"margin-left: 28pt;\"><span style=\"color: #c00000; font-family: Arial;\">\u00ab Merci pour m&rsquo;avoir appris \u00e0 lire le football. Merci d&rsquo;avoir lutt\u00e9 comme un n\u00b05 au milieu du terrain et d&rsquo;avoir marqu\u00e9 des buts aux puissants comme un n\u00b010. Merci de m&rsquo;avoir compris, aussi. Merci Eduardo Galeano, dans une \u00e9quipe il en manque beaucoup des comme toi. \u00bb<br \/>\n<\/span><\/p>\n<p><span style=\"color: #800000; font-family: Arial;\">&lt;1497&gt;<\/span><\/p>\n","protected":false},"excerpt":{"rendered":"<p>\u00ab\u00a0Dans le football frigide de cette fin de si\u00e8cle, qui exige qu&rsquo;on gagne et interdit qu&rsquo;on jouisse, cet homme est un des rares \u00e0 d\u00e9montrer que la fantaisie peut elle aussi \u00eatre efficace\u00a0\u00bb Eduardo Galeano \u00e0 propos de Diego Maradona<\/p>\n","protected":false},"author":1,"featured_media":0,"comment_status":"open","ping_status":"closed","sticky":false,"template":"","format":"standard","meta":{"footnotes":""},"categories":[1],"tags":[192,99,29],"class_list":["post-10232","post","type-post","status-publish","format-standard","hentry","category-motdujour","tag-argentine","tag-football","tag-hommage"],"_links":{"self":[{"href":"https:\/\/lemotdujour.fr\/index.php?rest_route=\/wp\/v2\/posts\/10232","targetHints":{"allow":["GET"]}}],"collection":[{"href":"https:\/\/lemotdujour.fr\/index.php?rest_route=\/wp\/v2\/posts"}],"about":[{"href":"https:\/\/lemotdujour.fr\/index.php?rest_route=\/wp\/v2\/types\/post"}],"author":[{"embeddable":true,"href":"https:\/\/lemotdujour.fr\/index.php?rest_route=\/wp\/v2\/users\/1"}],"replies":[{"embeddable":true,"href":"https:\/\/lemotdujour.fr\/index.php?rest_route=%2Fwp%2Fv2%2Fcomments&post=10232"}],"version-history":[{"count":5,"href":"https:\/\/lemotdujour.fr\/index.php?rest_route=\/wp\/v2\/posts\/10232\/revisions"}],"predecessor-version":[{"id":10239,"href":"https:\/\/lemotdujour.fr\/index.php?rest_route=\/wp\/v2\/posts\/10232\/revisions\/10239"}],"wp:attachment":[{"href":"https:\/\/lemotdujour.fr\/index.php?rest_route=%2Fwp%2Fv2%2Fmedia&parent=10232"}],"wp:term":[{"taxonomy":"category","embeddable":true,"href":"https:\/\/lemotdujour.fr\/index.php?rest_route=%2Fwp%2Fv2%2Fcategories&post=10232"},{"taxonomy":"post_tag","embeddable":true,"href":"https:\/\/lemotdujour.fr\/index.php?rest_route=%2Fwp%2Fv2%2Ftags&post=10232"}],"curies":[{"name":"wp","href":"https:\/\/api.w.org\/{rel}","templated":true}]}}