{"id":1022,"date":"2015-03-05T01:00:00","date_gmt":"2015-03-04T22:00:00","guid":{"rendered":"http:\/\/lemotdujour.fr\/?p=1022"},"modified":"2017-05-08T13:24:51","modified_gmt":"2017-05-08T11:24:51","slug":"jeudi-5-mars-2015","status":"publish","type":"post","link":"https:\/\/lemotdujour.fr\/?p=1022","title":{"rendered":"Jeudi 5 mars 2015"},"content":{"rendered":"<div class=\"mdjDate\">Jeudi 5 mars 2015<\/div>\n<div class=\"mdjTexte\">\u00abInternet \u00e9tait \u00e0 nous [les am\u00e9ricains], nos entreprises l\u2019ont cr\u00e9\u00e9, \u00e9tendu et perfectionn\u00e9 de telle fa\u00e7on que la concurrence ne peut pas suivre. <br \/>Et souvent, ce que l\u2019on pr\u00e9sente comme des positions nobles sur ces probl\u00e8mes n\u2019a pour but que le d\u00e9veloppement d\u2019int\u00e9r\u00eats commerciaux.\u00bb<\/div>\n<div class=\"mdjAuteur\">Barack Obama le 13\/02\/2015<\/div>\n<div class=\"mdjComplements\">Eh bien au moins c&rsquo;est \u00e9crit : \u00a0\u00bb Internet \u00e9tait propri\u00e9t\u00e9 am\u00e9ricaine \u00ab\u00a0.<\/div>\n<div class=\"mdjComplements\">Nous autres \u00ab\u00a0non am\u00e9ricains\u00a0\u00bb sommes probablement des squatters qu&rsquo;on tol\u00e8re mais qui ne peuvent en aucun cas souhaiter organiser tout cela comme de l\u00e9gitimes copropri\u00e9taires.<\/div>\n<div class=\"mdjComplements\">D\u00e8s lors, vouloir l\u00e9gif\u00e9rer sur Google, Apple ou autres ne peut \u00eatre qu&rsquo;un crime de l\u00e8se-majest\u00e9.<\/div>\n<div class=\"mdjComplements\">Obama juge qu&rsquo; \u00abA la d\u00e9charge de Google et Facebook, les r\u00e9ponses de l\u2019Europe en la mati\u00e8re s\u2019expliquent parfois plus par des raisons commerciales qu\u2019autre chose. Certains pays comme l\u2019Allemagne, compte tenu de son histoire avec la Stasi, sont tr\u00e8s sensibles sur ces questions.\u00bb<\/div>\n<div class=\"mdjComplements\">Il faisait notamment r\u00e9f\u00e9rence \u00e0 l&rsquo;enqu\u00eate europ\u00e9enne visant Google pour abus de position dominante : \u00abNous avons poss\u00e9d\u00e9 Internet. Nos entreprises l&rsquo;ont cr\u00e9\u00e9, l&rsquo;ont \u00e9tendu et l&rsquo;ont perfectionn\u00e9 de mani\u00e8re \u00e0 ce qu&rsquo;ils (les concurrents europ\u00e9ens, ndlr) ne puissent pas \u00eatre comp\u00e9titifs\u00bb, a-t-il expliqu\u00e9. \u00abParfois leurs vendeurs &#8211; leurs fournisseurs de service &#8211; qui ne peuvent pas rivaliser face aux n\u00f4tres, tentent essentiellement de bloquer nos entreprises et de les emp\u00eacher de fonctionner efficacement\u00bb, a-t-il pr\u00e9cis\u00e9 en faisant r\u00e9f\u00e9rence \u00e0 la motion du Parlement europ\u00e9en en faveur du d\u00e9mant\u00e8lement de Google.<\/div>\n<div class=\"mdjComplements\">Des europ\u00e9ens ont r\u00e9agi, ainsi dans le Financial Times, une porte-parole de la Commission europ\u00e9enne a qualifi\u00e9 lundi d&rsquo;\u00abinadmissible\u00bb l&rsquo;analyse de Barack Obama. La nouvelle Commission, en poste depuis la fin 2014, poursuit l&rsquo;enqu\u00eate sur un \u00e9ventuel abus de position dominante de Google dans la recherche, ouverte il y a cinq ans. Elle se penche aussi sur l&rsquo;optimisation fiscale des multinationales. \u00abLa r\u00e9gulation devrait faciliter l&rsquo;acc\u00e8s au march\u00e9 unique pour les entreprises non europ\u00e9ennes\u00bb, a plaid\u00e9 cette porte-parole.<\/div>\n<div class=\"mdjComplements\">L&rsquo;eurod\u00e9put\u00e9 Ramon Tremosa, un des initiateurs de la proposition de loi vot\u00e9e fin novembre pour appeler \u00e0 la scission de Google, s&rsquo;est fait un plaisir de rappeler que plusieurs entreprises qui participent \u00e0 l&rsquo;enqu\u00eate de Bruxelles contre le g\u00e9ant de la recherche sont am\u00e9ricaines. \u00abDes soci\u00e9t\u00e9s comme Yelp n&rsquo;ont aucun probl\u00e8me \u00e0 le reconna\u00eetre publiquement. D&rsquo;autres ne veulent pas attaquer Google ouvertement par crainte de mesures de r\u00e9torsion\u00bb, a-t-il gliss\u00e9 au Financial Times.<\/div>\n<div class=\"mdjComplements\">St\u00e9phane Richard, PDG d&rsquo;Orange, a lui jug\u00e9 les d\u00e9clarations de Barack Obama \u00abtristes et d\u00e9cevantes\u00bb. \u00abElles sont imp\u00e9rialistes et colonialistes. Dire que l&rsquo;Am\u00e9rique poss\u00e8de Internet en dit long sur ce que les autres habitants de la plan\u00e8te seraient autoris\u00e9s \u00e0 faire. Pointer l&rsquo;Allemagne et la Stasi quand on connait les m\u00e9thodes de la NSA, c&rsquo;est quand m\u00eame os\u00e9. C&rsquo;est le retour de l&rsquo;imp\u00e9rialisme am\u00e9ricain le plus crasse. L&rsquo;Europe n&rsquo;est pas le paillasson des \u00c9tats-Unis dans le num\u00e9rique\u00bb, a-t-il dit mardi en marge de la pr\u00e9sentation des r\u00e9sultats annuels d&rsquo;Orange.<\/div>\n<div class=\"mdjComplements\">Pour St\u00e9phane Richard, il n&rsquo;y a pas de guerre ouverte contre les g\u00e9ants du Net, souvent d\u00e9sign\u00e9s sous l&rsquo;acronyme de GAFA (Google, Apple, Facebook, Amazon). \u00abNous ne sommes pas les m\u00e9chants Europ\u00e9ens hargneux, nous voulons pouvoir exister, d\u00e9velopper nos propres projets. Je plaide pour une \u00e9quit\u00e9 de traitement. L&rsquo;intervention d&rsquo;Obama montre qu&rsquo;il s&rsquo;agit d&rsquo;un sujet tr\u00e8s politique. Les GAFA sont les attributs de la puissance am\u00e9ricaine, nous avons eu une sorte d&rsquo;aveu\u00bb, a poursuivi le PDG d&rsquo;Orange.\u200b<\/div>\n<div class=\"mdjComplements\">Je n&rsquo;ai pas trouv\u00e9 de r\u00e9ponse \u00e0 cette attaque par un responsable politique europ\u00e9en de premier plan.<\/div>\n<div class=\"mdjComplements\">Quelques liens qui parlent de ce sujet : <a href=\"http:\/\/tempsreel.nouvelobs.com\/monde\/20150223.OBS3177\/obama-president-d-internet.html\">&lt;http:\/\/tempsreel.nouvelobs.com\/monde\/20150223.OBS3177\/obama-president-d-internet.html&gt;<\/a><\/div>\n<div class=\"mdjComplements\"><a href=\"http:\/\/www.lefigaro.fr\/secteur\/high-tech\/2015\/02\/17\/01007-20150217ARTFIG00254-les-europeens-outres-par-les-propos-d-obama-sur-la-creation-d-internet.php\">&lt;http:\/\/www.lefigaro.fr\/secteur\/high-tech\/2015\/02\/17\/01007-20150217ARTFIG00254-les-europeens-outres-par-les-propos-d-obama-sur-la-creation-d-internet.php&gt;<\/a>\u200b<\/div>\n<div class=\"mdjComplements\">Pierre Bellanger, patron de Skyrock a \u00e9crit <a href=\"http:\/\/www.challenges.fr\/high-tech\/20140123.CHA9627\/l-internet-va-devorer-nos-classes-moyennes-sauf-si.html\">&lt;La souverainet\u00e9 num\u00e9rique&gt;<\/a>, livre dans lequel il explique comment internet est contr\u00f4l\u00e9 par les Am\u00e9ricains et pourquoi cela va d\u00e9truire notre \u00e9conomie.<\/div>\n<div class=\"mdjComplements\">Il \u00e9tait invit\u00e9<a href=\"http:\/\/www.franceinter.fr\/emission-un-jour-dans-le-monde-protectionniste-europeen-obama-defend-google-et-facebook\"> &lt;d&rsquo;un jour dans le Monde du 19 f\u00e9vrier&gt; <\/a>et il dit des choses tr\u00e8s int\u00e9ressantes sur ce sujet et les propos \u00ab\u00a0r\u00e9alistes\u00a0\u00bb d&rsquo;Obama. \u200bEt il donne notamment comme image la comparaison de nos syst\u00e8mes europ\u00e9ens r\u00e9gul\u00e9s \u00e0 des aquariums que l&rsquo;on plongerait dans la mer d&rsquo;Internet. On comprend \u00e0 peu pr\u00e8s ce qui se passe dans l&rsquo;aquarium et surtout dans l&rsquo;interaction entre l&rsquo;aquarium et la mer.<\/div>\n<div class=\"mdjComplements\"><a href=\"http:\/\/recode.net\/2015\/02\/13\/barack-obama-recode-kara-swisher-video\/\">&lt;ICI l&rsquo;interview du 13\/02\/2015 de Barack Obama&gt;<\/a><\/div>\n<div class=\"mdjComplements\">Il me semble que nous sommes dans un domaine tr\u00e8s important pour notre avenir et le degr\u00e9 de vassalit\u00e9 que nous aurons \u00e0 subir par rapport aux Etats-Unis.<\/div>\n","protected":false},"excerpt":{"rendered":"<p>Jeudi 5 mars 2015 \u00abInternet \u00e9tait \u00e0 nous [les am\u00e9ricains], nos entreprises l\u2019ont cr\u00e9\u00e9, \u00e9tendu et perfectionn\u00e9 de telle fa\u00e7on que la concurrence ne peut pas suivre. Et souvent, ce que l\u2019on pr\u00e9sente comme des positions nobles sur ces probl\u00e8mes<\/p>\n","protected":false},"author":1,"featured_media":0,"comment_status":"closed","ping_status":"closed","sticky":false,"template":"","format":"standard","meta":{"footnotes":""},"categories":[1],"tags":[],"class_list":["post-1022","post","type-post","status-publish","format-standard","hentry","category-motdujour"],"_links":{"self":[{"href":"https:\/\/lemotdujour.fr\/index.php?rest_route=\/wp\/v2\/posts\/1022","targetHints":{"allow":["GET"]}}],"collection":[{"href":"https:\/\/lemotdujour.fr\/index.php?rest_route=\/wp\/v2\/posts"}],"about":[{"href":"https:\/\/lemotdujour.fr\/index.php?rest_route=\/wp\/v2\/types\/post"}],"author":[{"embeddable":true,"href":"https:\/\/lemotdujour.fr\/index.php?rest_route=\/wp\/v2\/users\/1"}],"replies":[{"embeddable":true,"href":"https:\/\/lemotdujour.fr\/index.php?rest_route=%2Fwp%2Fv2%2Fcomments&post=1022"}],"version-history":[{"count":1,"href":"https:\/\/lemotdujour.fr\/index.php?rest_route=\/wp\/v2\/posts\/1022\/revisions"}],"predecessor-version":[{"id":1023,"href":"https:\/\/lemotdujour.fr\/index.php?rest_route=\/wp\/v2\/posts\/1022\/revisions\/1023"}],"wp:attachment":[{"href":"https:\/\/lemotdujour.fr\/index.php?rest_route=%2Fwp%2Fv2%2Fmedia&parent=1022"}],"wp:term":[{"taxonomy":"category","embeddable":true,"href":"https:\/\/lemotdujour.fr\/index.php?rest_route=%2Fwp%2Fv2%2Fcategories&post=1022"},{"taxonomy":"post_tag","embeddable":true,"href":"https:\/\/lemotdujour.fr\/index.php?rest_route=%2Fwp%2Fv2%2Ftags&post=1022"}],"curies":[{"name":"wp","href":"https:\/\/api.w.org\/{rel}","templated":true}]}}