{"id":1018,"date":"2015-03-03T01:00:00","date_gmt":"2015-03-02T22:00:00","guid":{"rendered":"http:\/\/lemotdujour.fr\/?p=1018"},"modified":"2020-11-15T18:19:51","modified_gmt":"2020-11-15T17:19:51","slug":"mardi-3-mars-2015","status":"publish","type":"post","link":"https:\/\/lemotdujour.fr\/?p=1018","title":{"rendered":"Mardi 3 mars 2015"},"content":{"rendered":"<div class=\"mdjTexte\">\t\u00abNous devons combiner la graine fertile de la curiosit\u00e9 et l\u2019esprit f\u00e9cond du doute\u00bb<\/div>\n<div class=\"mdjAuteur\">\tAlain Klam<\/div>\n<p><span style=\"color: #777777; font-family: Arial;\">C&rsquo;est la seconde fois en 446 mots du jour que j&rsquo;ai l&rsquo;outrecuidance de m&rsquo;attribuer un mot du jour.<br \/>\n<\/span><\/p>\n<p><span style=\"color: #777777; font-family: Arial;\">Il faut reconna\u00eetre cependant que la seconde partie a \u00e9t\u00e9 copi\u00e9e de l&rsquo;ouvrage de Raymond Aron \u00ab&nbsp;<strong>Le spectateur engag\u00e9<\/strong>&nbsp;\u00bb dans lequel il avait r\u00e9pondu aux questions de deux jeunes journalistes qui ne partageaient pas ses id\u00e9es politiques et o\u00f9 sa derni\u00e8re r\u00e9plique f\u00fbt<br \/>\n<\/span><\/p>\n<p style=\"margin-left: 28pt;\"><span style=\"color: #c00000; font-family: Arial;\">\u00ab&nbsp;Je ne les ai pas convaincu, mais je leur ai insuffl\u00e9 l&rsquo;esprit f\u00e9cond du doute&nbsp;\u00bb<br \/>\n<\/span><\/p>\n<p><span style=\"color: #777777; font-family: Arial;\">En premier, je veux \u00e9voquer <strong>la graine fertile de la curiosit\u00e9<\/strong>. C&rsquo;est gr\u00e2ce \u00e0 cette graine que l&rsquo;humanit\u00e9 a progress\u00e9. C&rsquo;est bien la curiosit\u00e9 des hommes qui a permis les recherches et les d\u00e9couvertes qui ont chang\u00e9 la condition des hommes. C&rsquo;est aussi la curiosit\u00e9 des autres cultures et civilisations qui a permis aux hommes de se rapprocher et de s&rsquo;enrichir mutuellement.<br \/>\n<\/span><\/p>\n<p><span style=\"color: #777777; font-family: Arial;\">Le doute constitue aussi un chemin vers la curiosit\u00e9. Ainsi l&rsquo;esprit f\u00e9cond du doute doit toujours nous inspirer devant des v\u00e9rit\u00e9s trop souvent martel\u00e9es comme des \u00e9vidences alors m\u00eame que notre v\u00e9cu et notre intuition nous indiquent une r\u00e9alit\u00e9 diff\u00e9rente.<br \/>\n<\/span><\/p>\n<p><span style=\"color: #777777; font-family: Arial;\">Cette interrogation des \u00ab&nbsp;\u00e9vidences&nbsp;\u00bb peut concerner la m\u00e9decine et la sant\u00e9, mais aussi l&rsquo;\u00e9conomie ou la politique ou d&rsquo;autres domaines encore o\u00f9 la discussion semble impossible ou inutile parce que des experts, savants, \u00e9conomistes, pr\u00eatres, rabbins ou oul\u00e9mas&nbsp; se sont exprim\u00e9s.<br \/>\n<\/span><\/p>\n<p><span style=\"color: #777777; font-family: Arial;\">Pour d\u00e9crire cette position de l&rsquo;expert, je pense \u00e0 la r\u00e9plique de Philippe Meyer&nbsp;\u00e0 Val\u00e9ry Giscard d&rsquo;Estaing&nbsp;:<br \/>\n<\/span><\/p>\n<p style=\"margin-left: 28pt;\"><span style=\"color: #c00000; font-family: Arial;\">\u00ab&nbsp;et vous paraissez toujours vous \u00e9tonner lorsque vous avez fini de parler que quelqu&rsquo;un puisse encore trouver quelque chose \u00e0 ajouter&nbsp;\u00bb<br \/>\n<\/span><\/p>\n<p><span style=\"color: #777777; font-family: Arial;\">Mais une fois que la curiosit\u00e9 nous a entra\u00een\u00e9 vers d&rsquo;autres voies, d&rsquo;autres syst\u00e8mes de pens\u00e9e ou d&rsquo;autres th\u00e9ories, l&rsquo;esprit f\u00e9cond du doute doit continuer \u00e0 nous inspirer vigilance pour ne pas \u00eatre abus\u00e9, ne pas succomber \u00e0 la facilit\u00e9 de suivre d&rsquo;autres dogmes tout aussi enfermant et r\u00e9ducteur que ceux qu&rsquo;on voulait fuir.<br \/>\n<\/span><\/p>\n<p><span style=\"color: #777777; font-family: Arial;\">C&rsquo;est ainsi que des esprits, dont certains semblaient pourtant \u00e9clair\u00e9s par la raison, n&rsquo;ont pas exp\u00e9riment\u00e9 le doute alors qu&rsquo;ils suivaient dans le pass\u00e9 le fascisme, le nazisme, le stalinisme, le mao\u00efsme et aujourd&rsquo;hui le djihadisme.<br \/>\n<\/span><\/p>\n<p><span style=\"color: #777777; font-family: Arial;\">Ainsi le doute peut se situer avant la curiosit\u00e9, mais il doit toujours accompagner la curiosit\u00e9 pour nous permettre de mieux comprendre le monde et l&rsquo;humanit\u00e9 et nous pr\u00e9server de tout aveuglement.<br \/>\n<\/span><\/p>\n<p><span style=\"color: #777777; font-family: Arial;\"><strong>La curiosit\u00e9 pour s&rsquo;ouvrir vers d&rsquo;autres univers, le doute pour se pr\u00e9server des mirages et des tromperies<\/strong>.<br \/>\n<\/span><\/p>\n<p><span style=\"color: #c00000; font-family: Arial;\">&lt;446&gt;<\/span><\/p>\n","protected":false},"excerpt":{"rendered":"<p>\u00abNous devons combiner la graine fertile de la curiosit\u00e9 et l\u2019esprit f\u00e9cond du doute\u00bb Alain Klam C&rsquo;est la seconde fois en 446 mots du jour que j&rsquo;ai l&rsquo;outrecuidance de m&rsquo;attribuer un mot du jour. Il faut reconna\u00eetre cependant que la<\/p>\n","protected":false},"author":1,"featured_media":0,"comment_status":"closed","ping_status":"closed","sticky":false,"template":"","format":"standard","meta":{"footnotes":""},"categories":[1],"tags":[19,6],"class_list":["post-1018","post","type-post","status-publish","format-standard","hentry","category-motdujour","tag-personnel","tag-philosophie"],"_links":{"self":[{"href":"https:\/\/lemotdujour.fr\/index.php?rest_route=\/wp\/v2\/posts\/1018","targetHints":{"allow":["GET"]}}],"collection":[{"href":"https:\/\/lemotdujour.fr\/index.php?rest_route=\/wp\/v2\/posts"}],"about":[{"href":"https:\/\/lemotdujour.fr\/index.php?rest_route=\/wp\/v2\/types\/post"}],"author":[{"embeddable":true,"href":"https:\/\/lemotdujour.fr\/index.php?rest_route=\/wp\/v2\/users\/1"}],"replies":[{"embeddable":true,"href":"https:\/\/lemotdujour.fr\/index.php?rest_route=%2Fwp%2Fv2%2Fcomments&post=1018"}],"version-history":[{"count":3,"href":"https:\/\/lemotdujour.fr\/index.php?rest_route=\/wp\/v2\/posts\/1018\/revisions"}],"predecessor-version":[{"id":10131,"href":"https:\/\/lemotdujour.fr\/index.php?rest_route=\/wp\/v2\/posts\/1018\/revisions\/10131"}],"wp:attachment":[{"href":"https:\/\/lemotdujour.fr\/index.php?rest_route=%2Fwp%2Fv2%2Fmedia&parent=1018"}],"wp:term":[{"taxonomy":"category","embeddable":true,"href":"https:\/\/lemotdujour.fr\/index.php?rest_route=%2Fwp%2Fv2%2Fcategories&post=1018"},{"taxonomy":"post_tag","embeddable":true,"href":"https:\/\/lemotdujour.fr\/index.php?rest_route=%2Fwp%2Fv2%2Ftags&post=1018"}],"curies":[{"name":"wp","href":"https:\/\/api.w.org\/{rel}","templated":true}]}}