{"id":1016,"date":"2015-03-02T01:00:00","date_gmt":"2015-03-01T22:00:00","guid":{"rendered":"http:\/\/lemotdujour.fr\/?p=1016"},"modified":"2017-05-08T13:24:49","modified_gmt":"2017-05-08T11:24:49","slug":"lundi-2-mars-2015","status":"publish","type":"post","link":"https:\/\/lemotdujour.fr\/?p=1016","title":{"rendered":"Lundi 2 mars 2015"},"content":{"rendered":"<div class=\"mdjDate\">Lundi 2 mars 2015<\/div>\n<div class=\"mdjTexte\">\u00abAyurveda\u00bb<\/div>\n<div class=\"mdjAuteur\">M\u00e9decine traditionnelle de l&rsquo;Inde<\/div>\n<div class=\"mdjComplements\">Ayurveda est la concat\u00e9nation de deux termes : \u0101yus (vie) et veda (science, ou connaissance).<\/div>\n<div class=\"mdjComplements\">Il s&rsquo;agit donc de la science de la vie ou de la connaissance de la vie.<\/div>\n<div class=\"mdjComplements\">Le principe fondamental de la m\u00e9decine ayurv\u00e9dique est de soigner la personne et non la maladie : si vous \u00eates malade c&rsquo;est qu&rsquo;il existe un d\u00e9s\u00e9quilibre dans votre corps qui a provoqu\u00e9 cette maladie. Vous gu\u00e9rir signifie donc r\u00e9tablir cet \u00e9quilibre et quand l&rsquo;\u00e9quilibre est r\u00e9tabli, votre corps a chass\u00e9 la maladie. On parle de m\u00e9decine \u00ab\u00a0holistique\u00a0\u00bb, mot qui vient de \u00ab\u00a0holisme\u00a0\u00bb c&rsquo;est \u00e0 dire une doctrine ou un point de vue qui consiste \u00e0 consid\u00e9rer les ph\u00e9nom\u00e8nes comme des totalit\u00e9s.<\/div>\n<div class=\"mdjComplements\">Le mot du jour d&rsquo;aujourd&rsquo;hui est un t\u00e9moignage, car quand je vous avais dit lors du dernier mot du jour que j&rsquo;allais m&rsquo;occuper de ma sant\u00e9, c&rsquo;est parce que ce temps de repos a \u00e9t\u00e9 consacr\u00e9 \u00e0 suivre une cure ayurv\u00e9dique de 5 jours.<\/div>\n<div class=\"mdjComplements\">Je crois que personne parmi les destinataires de ce mot n&rsquo;ignore qu&rsquo;il y a un peu plus de 3 ans, on a diagnostiqu\u00e9 un cancer de la prostate dans mon corps. La convention avec les m\u00e9decins \u00e9tait claire : j&rsquo;acceptais une op\u00e9ration radicale et dans la mesure o\u00f9 la maladie \u00e9tait prise \u00e0 un stade pr\u00e9coce, le probl\u00e8me serait \u00e9radiqu\u00e9 et les quelques d\u00e9sagr\u00e9ments collat\u00e9raux seraient rapidement ma\u00eetris\u00e9s par des techniques appropri\u00e9es.<\/div>\n<div class=\"mdjComplements\">Mais rien de ce qui avait \u00e9t\u00e9 annonc\u00e9 ne s&rsquo;est r\u00e9alis\u00e9.<\/div>\n<div class=\"mdjComplements\">J&rsquo;ai appris, en novembre dernier, une seconde r\u00e9cidive de mon cancer apr\u00e8s l&rsquo;op\u00e9ration. Apr\u00e8s la premi\u00e8re r\u00e9cidive, un traitement par radio th\u00e9rapie n&rsquo;a pas su faire reculer la maladie, puisqu&rsquo;\u00e0 l&rsquo;issue des 3 mois de radiations le marqueur du cancer avait \u00e9t\u00e9 multipli\u00e9 par 3.<\/div>\n<div class=\"mdjComplements\">En revanche, la radio-th\u00e9rapie a bien eu des effets, mais non d\u00e9sir\u00e9s, et causant des dommages extr\u00eamement brutaux au niveau de bassin qui m&rsquo;ont quasi mis dans un \u00e9tat d&rsquo;handicap\u00e9\u00a0 puisque je ne pouvais pas marcher plus de 100 m sans avoir des douleurs intenses qui m&rsquo;obligeaient \u00e0 m&rsquo;arr\u00eater et \u00e0 m&rsquo;asseoir. Au bout de ce temps et gr\u00e2ce pour l&rsquo;essentiel \u00e0 Internet j&rsquo;ai pu trouver les m\u00e9decins occidentaux qui m&rsquo;ont aid\u00e9 et fait diminuer de mani\u00e8re cons\u00e9quente les douleurs mais sans les faire dispara\u00eetre totalement.<\/div>\n<div class=\"mdjComplements\">Mon m\u00e9decin traitant m&rsquo;a dit deux choses : \u00ab\u00a0Vous n&rsquo;avez pas eu de chance, d&rsquo;habitude \u00e7a marche\u00a0!\u00a0\u00bb.<\/div>\n<div class=\"mdjComplements\">Et quand je lui ai parl\u00e9 de la m\u00e9decine ayurv\u00e9dique il m&rsquo;a encourag\u00e9, avouant que la m\u00e9decine occidentale \u00e9tait fort d\u00e9pourvue pour traiter le type de difficult\u00e9s qui se posaient \u00e0 moi.<\/div>\n<div class=\"mdjComplements\">La m\u00e9decine occidentale sait appliquer des techniques incroyables pour s&rsquo;attaquer \u00e0 des maladies, elle ne sait pas prendre le corps humain dans son ensemble, c&rsquo;est le contraire d\u2019une m\u00e9decine holistique. En outre, comme le montre mon exemple, elle a beaucoup de mal \u00e0 r\u00e9parer les effets d\u00e9vastateurs de ses th\u00e9rapies violentes et intrusives.<\/div>\n<div class=\"mdjComplements\">Dans la m\u00e9decine occidentale on utilise le m\u00eame protocole pour tous les patients qui ont la m\u00eame maladie.<\/div>\n<div class=\"mdjComplements\">Dans la m\u00e9decine ayurv\u00e9dique on examine d&rsquo;abord le patient, on d\u00e9termine son profil et son \u00e9quilibre naturel, on constate son d\u00e9s\u00e9quilibre et sachant cette sp\u00e9cificit\u00e9 on adapte le traitement au cas sp\u00e9cifique.<\/div>\n<div class=\"mdjComplements\">Il ne faut pas opposer les m\u00e9decines, les mettre en concurrence mais plut\u00f4t chercher leur compl\u00e9mentarit\u00e9, leur coop\u00e9ration, le partage.<\/div>\n<div class=\"mdjComplements\">La m\u00e9decine ayurv\u00e9dique fait beaucoup usage de massages \u00e0 l&rsquo;huile, mais insiste aussi sur l&rsquo;alimentation et l&rsquo;hygi\u00e8ne de vie. Est-ce que cela marche ? <\/div>\n<div class=\"mdjComplements\">En tout cas je sens d\u00e9j\u00e0 une am\u00e9lioration \u00e9vidente, mais il faut rester prudent et attentif \u00e0 la suite.<\/div>\n<div class=\"mdjComplements\">Bien s\u00fbr, cette m\u00e9decine s&rsquo;inscrit dans certains concepts \u00e9sot\u00e9riques qui ne peuvent que surprendre, voire d\u00e9clencher du scepticisme pour un esprit occidental qui tente de s&rsquo;ancrer dans le rationnel.<\/div>\n<div class=\"mdjComplements\">Dans toutes ces choses, nous devons tenter de combiner la graine fertile de la curiosit\u00e9 et l&rsquo;esprit f\u00e9cond du doute. <\/div>\n<div class=\"mdjComplements\">Si ce sujet vous int\u00e9resse, vous pouvez regarder ce documentaire d&rsquo;ARTE : <a href=\"https:\/\/www.youtube.com\/watch?v=BV2eiaTOT9I\">&lt;Mon docteur indien&gt;<\/a>\u00a0 il s&rsquo;agit de l&rsquo;histoire d&rsquo;une femme fran\u00e7aise qui a eu un cancer, s&rsquo;est faite op\u00e9r\u00e9e et pour laquelle la suite a \u00e9t\u00e9\u00a0 compliqu\u00e9e. Elle est partie se faire soigner en Inde o\u00f9 son cancer a \u00e9t\u00e9 gu\u00e9ri. Le documentaire raconte comment cette femme a entra\u00een\u00e9 son canc\u00e9rologue fran\u00e7ais, Le professeur Thomas Tursz, m\u00e9decin tr\u00e8s r\u00e9put\u00e9, directeur de l&rsquo;Institut Gustave Roussy de Villejuif, un des plus grands centre de traitement de cancer d&rsquo;Europe, \u00e0 l&rsquo;accompagner en Inde rencontrer les m\u00e9decins ayurv\u00e9diques. Le th\u00e8me central de ce documentaire est cette rencontre qui est dans l&rsquo;esprit de la coop\u00e9ration et de la compl\u00e9mentarit\u00e9 souhait\u00e9.<\/div>\n<div class=\"mdjComplements\"><a href=\"http:\/\/www.ayurveda-france.org\/praticiens\/Massage-ayurvedique.html\">&lt;L&rsquo;ayurv\u00e9da a son site fran\u00e7ais&gt;<\/a> et <a href=\"http:\/\/www.passeportsante.net\/fr\/Therapies\/Guide\/Fiche.aspx?doc=ayurveda-th-l-homme-l-univers-les-cinq-elements\">&lt;d&rsquo;autres explications se trouvent ici&gt;<\/a><\/div>\n<div class=\"mdjComplements\">La m\u00e9decine ayurv\u00e9dique est reconnue par l&rsquo;OMS, les premiers textes r\u00e9v\u00e9l\u00e9s sont tr\u00e8s anciens et datent de la p\u00e9riode v\u00e9dique (IIe mill\u00e9naire av. J.-C.).<\/div>\n","protected":false},"excerpt":{"rendered":"<p>Lundi 2 mars 2015 \u00abAyurveda\u00bb M\u00e9decine traditionnelle de l&rsquo;Inde Ayurveda est la concat\u00e9nation de deux termes : \u0101yus (vie) et veda (science, ou connaissance). Il s&rsquo;agit donc de la science de la vie ou de la connaissance de la vie.<\/p>\n","protected":false},"author":1,"featured_media":0,"comment_status":"closed","ping_status":"closed","sticky":false,"template":"","format":"standard","meta":{"footnotes":""},"categories":[1],"tags":[],"class_list":["post-1016","post","type-post","status-publish","format-standard","hentry","category-motdujour"],"_links":{"self":[{"href":"https:\/\/lemotdujour.fr\/index.php?rest_route=\/wp\/v2\/posts\/1016","targetHints":{"allow":["GET"]}}],"collection":[{"href":"https:\/\/lemotdujour.fr\/index.php?rest_route=\/wp\/v2\/posts"}],"about":[{"href":"https:\/\/lemotdujour.fr\/index.php?rest_route=\/wp\/v2\/types\/post"}],"author":[{"embeddable":true,"href":"https:\/\/lemotdujour.fr\/index.php?rest_route=\/wp\/v2\/users\/1"}],"replies":[{"embeddable":true,"href":"https:\/\/lemotdujour.fr\/index.php?rest_route=%2Fwp%2Fv2%2Fcomments&post=1016"}],"version-history":[{"count":1,"href":"https:\/\/lemotdujour.fr\/index.php?rest_route=\/wp\/v2\/posts\/1016\/revisions"}],"predecessor-version":[{"id":1017,"href":"https:\/\/lemotdujour.fr\/index.php?rest_route=\/wp\/v2\/posts\/1016\/revisions\/1017"}],"wp:attachment":[{"href":"https:\/\/lemotdujour.fr\/index.php?rest_route=%2Fwp%2Fv2%2Fmedia&parent=1016"}],"wp:term":[{"taxonomy":"category","embeddable":true,"href":"https:\/\/lemotdujour.fr\/index.php?rest_route=%2Fwp%2Fv2%2Fcategories&post=1016"},{"taxonomy":"post_tag","embeddable":true,"href":"https:\/\/lemotdujour.fr\/index.php?rest_route=%2Fwp%2Fv2%2Ftags&post=1016"}],"curies":[{"name":"wp","href":"https:\/\/api.w.org\/{rel}","templated":true}]}}