{"id":10157,"date":"2020-11-17T03:18:00","date_gmt":"2020-11-17T02:18:00","guid":{"rendered":"http:\/\/lemotdujour.fr\/?p=10157"},"modified":"2020-11-16T00:23:18","modified_gmt":"2020-11-15T23:23:18","slug":"mardi-17-novembre-2020","status":"publish","type":"post","link":"https:\/\/lemotdujour.fr\/?p=10157","title":{"rendered":"Mardi 17 novembre 2020"},"content":{"rendered":"<div class=\"mdjTexte\">\u00ab La faiblesse [\u2026] qui contribue \u00e0 rendre le monde supportable, c&rsquo;est la faiblesse devant la beaut\u00e9.\u00a0\u00bb<\/div>\n<div class=\"mdjAuteur\">Albert Camus, \u00ab Le premier homme \u00bb, Page 111<\/div>\n<p><span style=\"color: #777777; font-family: Arial;\">Au d\u00e9but, le mot du jour se limitait \u00e0 l&rsquo;exergue.<br \/>\n<\/span><\/p>\n<p><span style=\"color: #777777; font-family: Arial;\">C&rsquo;\u00e9tait commode \u00e0 \u00e9crire et rapide \u00e0 lire.<br \/>\n<\/span><\/p>\n<p><span style=\"color: #777777; font-family: Arial;\">J&rsquo;ai eu quelques soucis car les mots de sagesse d&rsquo;Einstein, de Socrate ou d&rsquo;autres qu&rsquo;on trouvait sur Internet, sans pr\u00e9cision de leur source, \u00e9taient souvent faux et relevaient en fait d&rsquo;inventions de quelque obscur \u00e9crivain qui se cachait derri\u00e8re un nom c\u00e9l\u00e8bre pour \u00e9crire une formule qui lui tenait \u00e0 c\u0153ur.<br \/>\n<\/span><\/p>\n<p><span style=\"color: #777777; font-family: Arial;\">Mais dans \u00ab\u00a0<strong>Le Premier homme<\/strong>\u00a0\u00bb je dispose d&rsquo;une source pr\u00e9cise et comportant un certain nombre de ces formules qui r\u00e9v\u00e8lent une part de la v\u00e9rit\u00e9 du comportement des hommes.<br \/>\n<\/span><\/p>\n<p><span style=\"color: #777777; font-family: Arial;\">Il est encore question de la grand-m\u00e8re dans cet extrait.<br \/>\n<\/span><\/p>\n<p style=\"margin-left: 28pt;\"><span style=\"color: #c00000; font-family: Arial;\">\u00ab\u00a0Dans tous les cas, la grand-m\u00e8re ne r\u00e9pondait jamais aux col\u00e8res de son cadet. D&rsquo;une part parce qu&rsquo;elle savait que c&rsquo;\u00e9tait inutile, d&rsquo;autre part parce qu&rsquo;elle avait toujours eu pour lui une faiblesse \u00e9trange, que Jacques, d\u00e8s l&rsquo;instant o\u00f9 il eut un peu de lecture, avait attribu\u00e9e au fait qu&rsquo;Ernest \u00e9tait infirme (<em>alors qu&rsquo;on a tant d&rsquo;exemples o\u00f9, contrairement au pr\u00e9jug\u00e9, les parents se d\u00e9tournent de l&rsquo;enfant diminu\u00e9<\/em>) et qu&rsquo;il comprit mieux beaucoup plus tard, un jour o\u00f9, surprenant le regard clair de sa grand-m\u00e8re, soudain adouci par une tendresse qu&rsquo;il ne lui avait jamais vue, il se retourna et vit son oncle qui enfila la veste de son costume du dimanche.<br \/>\n<\/span><\/p>\n<p style=\"margin-left: 28pt;\"><span style=\"color: #c00000; font-family: Arial;\">Aminci, encore par l&rsquo;\u00e9toffe sombre, le visage fin et jeune, ras\u00e9 de frais, peign\u00e9 soigneusement, portant exceptionnellement col frais, peign\u00e9 soigneusement, portant exceptionnellement col frais et cravate, avec des allures de p\u00e2tre grec endimanch\u00e9, Ernest lui apparut pour ce qu&rsquo;il \u00e9tait, c&rsquo;est-\u00e0-dire tr\u00e8s beau.<br \/>\n<\/span><\/p>\n<p style=\"margin-left: 28pt;\"><span style=\"color: #c00000; font-family: Arial;\">Et, il comprit alors que la grand-m\u00e8re aimait physiquement son fils, \u00e9tait amoureuse comme tout le monde de la gr\u00e2ce et de la force d&rsquo;Ernest, et que sa <strong>faiblesse<\/strong> exceptionnelle devant lui \u00e9tait apr\u00e8s tout fort commune, qu&rsquo;elle nous amollit tous plus ou moins, et d\u00e9licieusement d&rsquo;ailleurs, et <strong>qu<\/strong>&lsquo;elle <strong>contribue \u00e0 rendre le monde supportable, c&rsquo;est la faiblesse devant la beaut\u00e9.<\/strong>\u00a0\u00bb<br \/>\n<em>Page 111<br \/>\n<\/em><\/span><\/p>\n<p><span style=\"color: #777777; font-family: Arial;\">Je crois que c&rsquo;est juste, et que cette beaut\u00e9 ne se limite pas \u00e0 la beaut\u00e9 \u00e9ph\u00e9m\u00e8re de certains humains. Il peut s&rsquo;agir aussi de la beaut\u00e9 d&rsquo;une \u0153uvre d&rsquo;art ou de la beaut\u00e9 d&rsquo;un paysage, de l&rsquo;univers ou simplement d&rsquo;une sc\u00e8ne de laquelle la beaut\u00e9 jaillit et nourrit notre qu\u00eate de vie.<br \/>\n<\/span><\/p>\n<p><span style=\"color: maroon; font-family: Arial;\">&lt;1489&gt;<\/span><\/p>\n","protected":false},"excerpt":{"rendered":"<p>\u00ab La faiblesse [\u2026] qui contribue \u00e0 rendre le monde supportable, c&rsquo;est la faiblesse devant la beaut\u00e9.\u00a0\u00bb Albert Camus, \u00ab Le premier homme \u00bb, Page 111 Au d\u00e9but, le mot du jour se limitait \u00e0 l&rsquo;exergue. C&rsquo;\u00e9tait commode \u00e0 \u00e9crire<\/p>\n","protected":false},"author":1,"featured_media":0,"comment_status":"open","ping_status":"closed","sticky":false,"template":"","format":"standard","meta":{"footnotes":""},"categories":[1],"tags":[46,172,9],"class_list":["post-10157","post","type-post","status-publish","format-standard","hentry","category-motdujour","tag-art","tag-beaute","tag-litterature"],"_links":{"self":[{"href":"https:\/\/lemotdujour.fr\/index.php?rest_route=\/wp\/v2\/posts\/10157","targetHints":{"allow":["GET"]}}],"collection":[{"href":"https:\/\/lemotdujour.fr\/index.php?rest_route=\/wp\/v2\/posts"}],"about":[{"href":"https:\/\/lemotdujour.fr\/index.php?rest_route=\/wp\/v2\/types\/post"}],"author":[{"embeddable":true,"href":"https:\/\/lemotdujour.fr\/index.php?rest_route=\/wp\/v2\/users\/1"}],"replies":[{"embeddable":true,"href":"https:\/\/lemotdujour.fr\/index.php?rest_route=%2Fwp%2Fv2%2Fcomments&post=10157"}],"version-history":[{"count":2,"href":"https:\/\/lemotdujour.fr\/index.php?rest_route=\/wp\/v2\/posts\/10157\/revisions"}],"predecessor-version":[{"id":10159,"href":"https:\/\/lemotdujour.fr\/index.php?rest_route=\/wp\/v2\/posts\/10157\/revisions\/10159"}],"wp:attachment":[{"href":"https:\/\/lemotdujour.fr\/index.php?rest_route=%2Fwp%2Fv2%2Fmedia&parent=10157"}],"wp:term":[{"taxonomy":"category","embeddable":true,"href":"https:\/\/lemotdujour.fr\/index.php?rest_route=%2Fwp%2Fv2%2Fcategories&post=10157"},{"taxonomy":"post_tag","embeddable":true,"href":"https:\/\/lemotdujour.fr\/index.php?rest_route=%2Fwp%2Fv2%2Ftags&post=10157"}],"curies":[{"name":"wp","href":"https:\/\/api.w.org\/{rel}","templated":true}]}}