{"id":1012,"date":"2015-02-18T01:00:00","date_gmt":"2015-02-17T22:00:00","guid":{"rendered":"http:\/\/lemotdujour.fr\/?p=1012"},"modified":"2017-05-08T13:24:47","modified_gmt":"2017-05-08T11:24:47","slug":"mercredi-18-fevrier-2015","status":"publish","type":"post","link":"https:\/\/lemotdujour.fr\/?p=1012","title":{"rendered":"Mercredi 18 f\u00e9vrier 2015"},"content":{"rendered":"<div class=\"mdjDate\">Mercredi 18 f\u00e9vrier 2015<\/div>\n<div class=\"mdjTexte\">\u00ab Rouge \u00bb<\/div>\n<div class=\"mdjAuteur\">Michel Pastoureau<\/div>\n<div class=\"mdjComplements\">Le mot du jour du 31\/07\/2014 \u00e9tait consacr\u00e9 \u00e0 la couleur verte \u00e0 laquelle un historien, Michel Pastoureau, avait d\u00e9di\u00e9 un livre.<\/div>\n<div class=\"mdjComplements\">Bien s\u00fbr, cet \u00e9rudit \u00e9tudie au fur \u00e0 mesure toutes les couleurs, ainsi <a href=\"http:\/\/www.franceculture.fr\/emission-concordance-des-temps-le-rouge-couleur-multiple-2014-12-20\">&lt;l&rsquo;\u00e9mission Concordance des temps du 20\/12\/2014 \u00e9tait consacr\u00e9 \u00e0 la couleur rouge&gt;<\/a><\/div>\n<div class=\"mdjComplements\">C&rsquo;est la plus difficile \u00e0 \u00e9tudier selon Michel Pastoureau : \u00ab Je n\u2019ai pas commenc\u00e9 par [le rouge] parce que c\u2019est le morceau le plus important en mati\u00e8re de monographie autour d\u2019une couleur. Il faut donc \u00e9norm\u00e9ment de temps. Par exemple, le Noir m\u2019a demand\u00e9 dix ans de travail, le Bleu aussi. Il s\u2019agit d\u2019une t\u00e2che de longue haleine. Il y a tellement de choses \u00e0 dire sur le rouge\u00bb. Il me semble que son livre sur le rouge n&rsquo;a pas encore \u00e9t\u00e9 publi\u00e9.<\/div>\n<div class=\"mdjComplements\">Dans l&rsquo;\u00e9mission, on apprend que la couleur rouge est ambivalente au cours des \u00e2ges :<\/div>\n<p>d&rsquo;un c\u00f4t\u00e9 c&rsquo;est la beaut\u00e9, l&rsquo;amour, la joie, la f\u00eate,<\/p>\n<p>de l&rsquo;autre c&rsquo;est la honte, la col\u00e8re, les crimes de sang, la couleur de la justice, l&rsquo;enfer avec ses flammes<\/p>\n<div class=\"mdjComplements\">et selon Michel Pastoureau cette ambivalence remonte tr\u00e8s loin, d\u00e9j\u00e0 en Gr\u00e8ce ancienne c&rsquo;\u00e9tait le cas.<\/div>\n<div class=\"mdjComplements\">Parler de couleur rouge est presque un pl\u00e9onasme, c&rsquo;est la couleur par excellence, la couleur arch\u00e9typale, la premi\u00e8re des couleurs. Cette supr\u00e9matie s&rsquo;explique surtout par la pr\u00e9cocit\u00e9 des performances techniques de l&rsquo;homme \u00e0 partir des colorants et pigments offerts par la nature : \u00ab\u00a0Des terres ocres rouges, riches en oxyde de fer, pour peindre et dessiner sur les parois des cavernes ; la garance, le carthame et plus tard le kerm\u00e8s pour teindre les \u00e9toffes et les v\u00eatements.\u00a0\u00bb<\/div>\n<div class=\"mdjComplements\">Dans certaines langues cette \u00e9quivalence perdure : \u00ab Coloratus \u00bb en latin ou \u00ab colorado \u00bb en espagnol signifient \u00e0 la fois \u00ab rouge \u00bb et \u00ab couleur \u00bb.<\/div>\n<div class=\"mdjComplements\">Ce n&rsquo;est plus aujourd&rsquo;hui la couleur pr\u00e9f\u00e9r\u00e9e, la couleur pr\u00e9f\u00e9r\u00e9e est le bleu, mais quand on pense couleur on pense d&rsquo;abord rouge.<\/div>\n<div class=\"mdjComplements\">En Occident, le blanc et le rouge sont des contraires, le blanc et le noir aussi. Mais, le rouge et le noir n\u2019entretiennent pas beaucoup de relations. Nous avons donc un sch\u00e9ma \u00e0 trois p\u00f4les: le blanc, le rouge et le noir. En fait, il repr\u00e9sente le blanc et ses deux contraires (le rouge et le noir). [Je rappelle que le noir, le blanc et le rouge sont les couleurs de la Prusse.]<\/div>\n<div class=\"mdjComplements\">\u00c9videmment le rouge a \u00e9t\u00e9 associ\u00e9 au communisme, \u00ab\u00a0le p\u00e9ril rouge\u00a0\u00bb, \u00ab\u00a0les rouges\u00a0\u00bb. Mais \u00e0 Moscou, contrairement \u00e0 la pens\u00e9e commune, la place rouge n&rsquo;est pas la place des communistes mais c&rsquo;est la belle place. Elle portait d\u00e9j\u00e0 ce nom au XVIII\u00e8me si\u00e8cle. Dans beaucoup de culture, rouge et beau sont synonymes.<\/div>\n<div class=\"mdjComplements\">Le rouge est souvent aussi la couleur de l&rsquo;interdit. Pour les r\u00e9formateurs protestants le rouge est la couleur des papistes. Ils pensent que le rouge est immoral. Ils tirent leur conviction du dernier livre de la bible chr\u00e9tienne, l&rsquo;Apocalyse o\u00f9 la grande prostitu\u00e9e de Babylone porte une robe rouge. Le XIX\u00e8me si\u00e8cle moralise les couleurs. Les grands industriels sont souvent protestants et puritains, leur couleurs sont noires, grises brunes, pas de couleur \u00e9clatantes.<\/div>\n<div class=\"mdjComplements\">Enzo Ferrari est catholique et il cr\u00e9era la mythique Ferrari rouge.<\/div>\n<div class=\"mdjComplements\">Si vous souhaitez continuer ce bel exercice d&rsquo;\u00e9rudition je vous propose trois liens : <\/div>\n<div class=\"mdjComplements\"><a href=\"http:\/\/www.artistikrezo.com\/2014041716060\/actualites\/art\/le-rouge-et-autres-propos-hauts-en-couleur-de-michel-pastoureau.html\">http:\/\/www.artistikrezo.com\/2014041716060\/actualites\/art\/le-rouge-et-autres-propos-hauts-en-couleur-de-michel-pastoureau.html<\/a><\/div>\n<div class=\"mdjComplements\"><a href=\"http:\/\/www.lintermede.com\/dossier-couleurs-michel-pastoureau-couleurs-portrait-theorie.php\">http:\/\/www.lintermede.com\/dossier-couleurs-michel-pastoureau-couleurs-portrait-theorie.php<\/a><\/div>\n<div class=\"mdjComplements\">Et un site de la BNF consacr\u00e9 \u00e0 une exposition sur le rouge <a href=\"http:\/\/expositions.bnf.fr\/rouge\/\">http:\/\/expositions.bnf.fr\/rouge\/<\/a><\/div>\n","protected":false},"excerpt":{"rendered":"<p>Mercredi 18 f\u00e9vrier 2015 \u00ab Rouge \u00bb Michel Pastoureau Le mot du jour du 31\/07\/2014 \u00e9tait consacr\u00e9 \u00e0 la couleur verte \u00e0 laquelle un historien, Michel Pastoureau, avait d\u00e9di\u00e9 un livre. Bien s\u00fbr, cet \u00e9rudit \u00e9tudie au fur \u00e0 mesure<\/p>\n","protected":false},"author":1,"featured_media":0,"comment_status":"closed","ping_status":"closed","sticky":false,"template":"","format":"standard","meta":{"footnotes":""},"categories":[1],"tags":[],"class_list":["post-1012","post","type-post","status-publish","format-standard","hentry","category-motdujour"],"_links":{"self":[{"href":"https:\/\/lemotdujour.fr\/index.php?rest_route=\/wp\/v2\/posts\/1012","targetHints":{"allow":["GET"]}}],"collection":[{"href":"https:\/\/lemotdujour.fr\/index.php?rest_route=\/wp\/v2\/posts"}],"about":[{"href":"https:\/\/lemotdujour.fr\/index.php?rest_route=\/wp\/v2\/types\/post"}],"author":[{"embeddable":true,"href":"https:\/\/lemotdujour.fr\/index.php?rest_route=\/wp\/v2\/users\/1"}],"replies":[{"embeddable":true,"href":"https:\/\/lemotdujour.fr\/index.php?rest_route=%2Fwp%2Fv2%2Fcomments&post=1012"}],"version-history":[{"count":1,"href":"https:\/\/lemotdujour.fr\/index.php?rest_route=\/wp\/v2\/posts\/1012\/revisions"}],"predecessor-version":[{"id":1013,"href":"https:\/\/lemotdujour.fr\/index.php?rest_route=\/wp\/v2\/posts\/1012\/revisions\/1013"}],"wp:attachment":[{"href":"https:\/\/lemotdujour.fr\/index.php?rest_route=%2Fwp%2Fv2%2Fmedia&parent=1012"}],"wp:term":[{"taxonomy":"category","embeddable":true,"href":"https:\/\/lemotdujour.fr\/index.php?rest_route=%2Fwp%2Fv2%2Fcategories&post=1012"},{"taxonomy":"post_tag","embeddable":true,"href":"https:\/\/lemotdujour.fr\/index.php?rest_route=%2Fwp%2Fv2%2Ftags&post=1012"}],"curies":[{"name":"wp","href":"https:\/\/api.w.org\/{rel}","templated":true}]}}