{"id":1010,"date":"2015-02-17T01:00:00","date_gmt":"2015-02-16T22:00:00","guid":{"rendered":"http:\/\/lemotdujour.fr\/?p=1010"},"modified":"2017-05-08T13:24:47","modified_gmt":"2017-05-08T11:24:47","slug":"mardi-17-fevrier-2015","status":"publish","type":"post","link":"https:\/\/lemotdujour.fr\/?p=1010","title":{"rendered":"Mardi 17 f\u00e9vrier 2015"},"content":{"rendered":"<div class=\"mdjDate\">Mardi 17 f\u00e9vrier 2015<\/div>\n<div class=\"mdjTexte\">\u00abNos pratiques sont devenus in\u00e9galitaires.\u00bb<\/div>\n<div class=\"mdjAuteur\">Fran\u00e7ois Dubet<\/div>\n<div class=\"mdjComplements\">Fran\u00e7ois Dubet, Sociologue, directeur d\u2019\u00e9tudes \u00e0 l\u2019EHESS et auteur de \u00ab\u00a0La pr\u00e9f\u00e9rence pour l\u2019in\u00e9galit\u00e9\u00a0\u00bb (Seuil), \u00e9tait l&rsquo;invit\u00e9 de la matinale de France Inter\u00a0 du vendredi du 6 f\u00e9vrier 2015.<\/div>\n<div class=\"mdjComplements\">J&rsquo;ai retenu de ces propos l&rsquo;analyse suivante : <\/div>\n<div class=\"mdjCiter\">\u00abPendant les 30 glorieuses les Etats occidentaux ont lutt\u00e9 contre les in\u00e9galit\u00e9s et par des transferts massifs sont parvenus \u00e0 les r\u00e9duire.<\/div>\n<div class=\"mdjCiter\">Depuis la r\u00e9volution n\u00e9o lib\u00e9rale, cette \u00e9volution a \u00e9t\u00e9 stopp\u00e9e et on a choisi l&rsquo;in\u00e9galit\u00e9.<\/div>\n<div class=\"mdjCiter\">La mondialisation en est certainement responsable pour une partie. <\/div>\n<div class=\"mdjCiter\">Mais ce que je crois c&rsquo;est que le go\u00fbt de l&rsquo;\u00e9galit\u00e9 s&rsquo;est cass\u00e9 dans la soci\u00e9t\u00e9, nos pratiques sont devenus in\u00e9galitaires.<\/div>\n<div class=\"mdjCiter\">Les ph\u00e9nom\u00e8nes de s\u00e9gr\u00e9gation urbaine se sont d\u00e9velopp\u00e9s : on ne veut plus vivre avec des gens qui sont diff\u00e9rents de nous. Alors on d\u00e9nonce les ghettos, mais nous les augmentons chaque fois que nous prenons la d\u00e9cision de d\u00e9m\u00e9nager.<\/div>\n<div class=\"mdjCiter\">Et l&rsquo;\u00e9cole. Depuis 50 ans toutes les politiques fran\u00e7aises sont \u00e9galitaristes. Coll\u00e8ge unique, des bourses, des aides, des dipl\u00f4mes nationaux.<\/div>\n<div class=\"mdjCiter\">On a voulu cr\u00e9er l&rsquo;\u00e9galit\u00e9 [par le haut]. Mais les acteurs ont int\u00e9r\u00eat \u00e0 l&rsquo;in\u00e9galit\u00e9.<\/div>\n<div class=\"mdjCiter\">D\u00e8s lors que je suis convaincu que l&rsquo;avenir de mes enfants sera d\u00e9termin\u00e9 par le dipl\u00f4me qu&rsquo;ils auront \u00e0 18 ans et donc par voie de cons\u00e9quence d\u00e9pendront des dipl\u00f4mes relatifs qu&rsquo;auront les autres enfants. D\u00e8s lors, m\u00eame si je suis d&rsquo;accord en principe avec l&rsquo;\u00e9galit\u00e9 de tous, je suis tr\u00e8s favorable \u00e0 l&rsquo;in\u00e9galit\u00e9 des miens.<\/div>\n<div class=\"mdjCiter\">L&rsquo;appel du Pr\u00e9sident Hollande de cr\u00e9er de la mixit\u00e9 sociale dans l&rsquo;Ecole ne sera pas simple.<\/div>\n<div class=\"mdjCiter\">Parce que nous avons un int\u00e9r\u00eat bien compris \u00e0 fuir les \u00e9tablissements les plus difficiles et \u00e0 chercher pour nos enfants les dipl\u00f4mes les plus rares et les plus s\u00e9lectifs.<\/div>\n<div class=\"mdjCiter\">Beaucoup parle de la chute des classes moyennes \u00e0 laquelle je crois tr\u00e8s peu. Les vrais d\u00e9class\u00e9s se sont les ouvriers non qualifi\u00e9s.<\/div>\n<div class=\"mdjCiter\">Mais finalement on d\u00e9fend chacun \u00e0 notre niveau la petite in\u00e9galit\u00e9 qui nous est b\u00e9n\u00e9fique.<\/div>\n<div class=\"mdjCiter\">Depuis un mois et apr\u00e8s les \u00e9v\u00e8nements de janvier il y a un climat d&rsquo;\u00e9galitarisme qui s&rsquo;est d\u00e9velopp\u00e9,<\/div>\n<div class=\"mdjCiter\">Mais avant cela, et ils sont toujours l\u00e0, nous avions, les pigeons, les bonnets rouges, les notaires, les syndicats professionnels&#8230;<\/div>\n<div class=\"mdjCiter\">Ce qui s&rsquo;est pass\u00e9 c&rsquo;est un effondrement de la solidarit\u00e9.<\/div>\n<div class=\"mdjCiter\">Pour que j&rsquo;accepte de payer des imp\u00f4ts et des cotisations qui b\u00e9n\u00e9ficieront \u00e0 d&rsquo;autres, il faut que je m&rsquo;en sente proche, parce que c&rsquo;est la m\u00eame nation, parce que nous sommes des travailleurs&#8230;Peu importe, ce sont les romans de la d\u00e9mocratie et de la nation, ce sont des romans, des fables mais on y croit.<\/div>\n<div class=\"mdjCiter\">Et quand cela se d\u00e9fait : \u00ab\u00a0Pourquoi paierais-je pour des gens que je ne connais pas et qui ne le m\u00e9rite pas ?\u00a0\u00bb<\/div>\n<div class=\"mdjCiter\">Il y a des sondages tr\u00e8s inqui\u00e9tants, on explique de plus en plus le ch\u00f4mage et la pauvret\u00e9 par la responsabilit\u00e9 des ch\u00f4meurs et des pauvres, c&rsquo;est leur faute. Il y a un renversement qui est en train de s&rsquo;op\u00e9rer.<\/div>\n<div class=\"mdjCiter\">Cette tendance s&rsquo;est op\u00e9r\u00e9e en France elle s&rsquo;est renvers\u00e9e encore beaucoup plus brutalement en Grande Bretagne et aux Etats Unis.\u00bb<\/div>\n<div class=\"mdjCiter\">Pour revenir \u00e0 la France, son analyse est que \u00ab l&rsquo;\u00e9cole Fran\u00e7aise est plus in\u00e9galitaire que la soci\u00e9t\u00e9, ce qui signifie qu&rsquo;elle en rajoute \u00e0 l&rsquo;in\u00e9galit\u00e9 de la soci\u00e9t\u00e9.<\/div>\n<div class=\"mdjCiter\">Au Canada la soci\u00e9t\u00e9 est plus in\u00e9galitaire, mais l&rsquo;\u00e9cole est plus \u00e9galitaire qu&rsquo;en France.<\/div>\n<div class=\"mdjCiter\">La premi\u00e8re raison est qu&rsquo;en France on fait l&rsquo;\u00e9cole pour les \u00e9lites, comme si dans chaque \u00e9colier un polytechnicien sommeille et les autres vont s\u2019\u00e9grener comme un peloton cycliste en train de monter le tourmalet, c&rsquo;est une tradition tr\u00e8s difficile \u00e0 remettre en cause.<\/div>\n<div class=\"mdjCiter\">Car, en fait, la priorit\u00e9 ce devraient \u00eatre les \u00e9l\u00e8ves faibles, pas les \u00e9l\u00e8ves forts.<\/div>\n<div class=\"mdjCiter\">La seconde est que nous avons une confiance excessive dans les dipl\u00f4mes. La concurrence sur le dipl\u00f4me devient alors trop forte et totalement in\u00e9galitaire. Si je crois que de la mention au Bac et la fili\u00e8re du bac d\u00e9pend la totalit\u00e9 de la vie l&rsquo;individu je me conduirai comme un sauvage pour que mes enfants l&rsquo;obtiennent.<\/div>\n<div class=\"mdjCiter\">On raisonne ainsi toujours par le sommet.<\/div>\n<div class=\"mdjCiter\">Quand on veut lutter contre l&rsquo;in\u00e9galit\u00e9 on dit qu&rsquo;il faut que 10% des \u00e9l\u00e8ves de polytechnique soient issues des classes d\u00e9favoris\u00e9es, ce qui est bien, mais cela correspond \u00e0 40 \u00e9l\u00e8ves.<\/div>\n<div class=\"mdjCiter\">Mais le fait que 95 % des \u00e9l\u00e8ves des \u00e9coles technologiques soient issues de ces milieux ne pose jamais discussion. Or l&rsquo;in\u00e9galit\u00e9 est beaucoup plus pr\u00e9sente dans ce second aspect.<\/div>\n<div class=\"mdjCiter\">On regarde toujours vers le sommet, jamais vers la base.\u00bb<\/div>\n<div class=\"mdjComplements\"><a href=\"http:\/\/www.franceinter.fr\/emission-le-79-francois-dubet-la-solidarite-sest-effondree\">&lt;Voici le lien vers l&rsquo;\u00e9mission de France Inter&gt;<\/a><\/div>\n<div class=\"mdjComplements\"><a href=\"http:\/\/www.liberation.fr\/societe\/2014\/09\/19\/nous-avons-renonce-a-produire-de-l-egalite_1104227\">&lt;Et ici l&rsquo;article de Lib\u00e9ration lors de la sortie du livre&gt;<\/a><\/div>\n<div class=\"mdjComplements\">C&rsquo;est un changement de paradigme absolu : La priorit\u00e9 ne serait pas une \u00e9cole pour former l&rsquo;\u00e9lite mais pour enseigner le plus grand nombre.<\/div>\n<div class=\"mdjComplements\">Vous doutez ? Cela va contre tous vos fondamentaux ?<\/div>\n<div class=\"mdjComplements\">Et si Dubet parvenait \u00e0 instiller en vous le germe f\u00e9cond du doute ?\u200b<\/div>\n","protected":false},"excerpt":{"rendered":"<p>Mardi 17 f\u00e9vrier 2015 \u00abNos pratiques sont devenus in\u00e9galitaires.\u00bb Fran\u00e7ois Dubet Fran\u00e7ois Dubet, Sociologue, directeur d\u2019\u00e9tudes \u00e0 l\u2019EHESS et auteur de \u00ab\u00a0La pr\u00e9f\u00e9rence pour l\u2019in\u00e9galit\u00e9\u00a0\u00bb (Seuil), \u00e9tait l&rsquo;invit\u00e9 de la matinale de France Inter\u00a0 du vendredi du 6 f\u00e9vrier 2015.<\/p>\n","protected":false},"author":1,"featured_media":0,"comment_status":"closed","ping_status":"closed","sticky":false,"template":"","format":"standard","meta":{"footnotes":""},"categories":[1],"tags":[],"class_list":["post-1010","post","type-post","status-publish","format-standard","hentry","category-motdujour"],"_links":{"self":[{"href":"https:\/\/lemotdujour.fr\/index.php?rest_route=\/wp\/v2\/posts\/1010","targetHints":{"allow":["GET"]}}],"collection":[{"href":"https:\/\/lemotdujour.fr\/index.php?rest_route=\/wp\/v2\/posts"}],"about":[{"href":"https:\/\/lemotdujour.fr\/index.php?rest_route=\/wp\/v2\/types\/post"}],"author":[{"embeddable":true,"href":"https:\/\/lemotdujour.fr\/index.php?rest_route=\/wp\/v2\/users\/1"}],"replies":[{"embeddable":true,"href":"https:\/\/lemotdujour.fr\/index.php?rest_route=%2Fwp%2Fv2%2Fcomments&post=1010"}],"version-history":[{"count":1,"href":"https:\/\/lemotdujour.fr\/index.php?rest_route=\/wp\/v2\/posts\/1010\/revisions"}],"predecessor-version":[{"id":1011,"href":"https:\/\/lemotdujour.fr\/index.php?rest_route=\/wp\/v2\/posts\/1010\/revisions\/1011"}],"wp:attachment":[{"href":"https:\/\/lemotdujour.fr\/index.php?rest_route=%2Fwp%2Fv2%2Fmedia&parent=1010"}],"wp:term":[{"taxonomy":"category","embeddable":true,"href":"https:\/\/lemotdujour.fr\/index.php?rest_route=%2Fwp%2Fv2%2Fcategories&post=1010"},{"taxonomy":"post_tag","embeddable":true,"href":"https:\/\/lemotdujour.fr\/index.php?rest_route=%2Fwp%2Fv2%2Ftags&post=1010"}],"curies":[{"name":"wp","href":"https:\/\/api.w.org\/{rel}","templated":true}]}}