{"id":1006,"date":"2015-02-13T01:00:00","date_gmt":"2015-02-12T22:00:00","guid":{"rendered":"http:\/\/lemotdujour.fr\/?p=1006"},"modified":"2022-03-25T10:09:01","modified_gmt":"2022-03-25T09:09:01","slug":"vendredi-13-fevrier-2015","status":"publish","type":"post","link":"https:\/\/lemotdujour.fr\/?p=1006","title":{"rendered":"Vendredi 13 f\u00e9vrier 2015"},"content":{"rendered":"<div class=\"mdjDate\">Vendredi 13 f\u00e9vrier 2015<\/div>\n<div class=\"mdjTexte\">\u00ab Et pourtant je vous dis que le bonheur existe<br \/>\nAilleurs que dans le r\u00eave ailleurs que dans les nues<br \/>\nTerre terre voici ses rades inconnues \u00bb<\/div>\n<div class=\"mdjAuteur\">Aragon<\/div>\n<div class=\"mdjComplements\">Pour la Saint Valentin qui sera f\u00eat\u00e9e demain, Un extrait du long po\u00e8me de Louis Aragon qui ach\u00e8ve \u00abLe roman inachev\u00e9\u00bb.<\/div>\n<div class=\"mdjComplements\">Ce r\u00e9cit en po\u00e8mes publi\u00e9 en 1956 o\u00f9 il parle de sa jeunesse, de ses engagements politiques et de son amour pour sa compagne : Elsa Triolet.<\/div>\n<div class=\"mdjComplements\">Le long po\u00e8me final a pour titre : \u00abProse du bonheur et d\u2019Elsa\u00bb dont voici un extrait :<\/div>\n<div class=\"mdjComplements\"><strong>Aragon \u2013 Prose du bonheur et d\u2019Elsa<\/strong><\/div>\n<div class=\"mdjComplements\">\u00ab&nbsp; [&#8230;]<\/div>\n<div class=\"mdjCiter\">Comme un battoir laiss\u00e9 dans le bleu des lessives<\/div>\n<div class=\"mdjCiter\">Un chant dans la poitrine \u00e0 jamais enfoui<\/div>\n<div class=\"mdjCiter\">L\u2019ombre oblique d\u2019un arbre abattu sur la rive<\/div>\n<div class=\"mdjCiter\">Que serais-je sans toi qu\u2019un homme \u00e0 la d\u00e9rive<\/div>\n<div class=\"mdjCiter\">Au fil de l\u2019\u00e9tang mort une \u00e9toupe rouie<\/div>\n<div class=\"mdjCiter\">Ou l\u2019\u00e9pave \u00e0 vau-l\u2019eau d\u2019un temps \u00e9vanoui<\/div>\n<div class=\"mdjCiter\">J\u2019\u00e9tais celui qui sait seulement \u00eatre contre<\/div>\n<div class=\"mdjCiter\">Celui qui sur le noir parie \u00e0 tout moment<\/div>\n<div class=\"mdjCiter\">Que serais-je sans toi qui vins \u00e0 ma rencontre<\/div>\n<div class=\"mdjCiter\">Que cette heure arr\u00eat\u00e9e au cadran de la montre<\/div>\n<div class=\"mdjCiter\">Que serais-je sans toi qu\u2019un c\u0153ur au bois dormant<\/div>\n<div class=\"mdjCiter\">Que serais-je sans toi que ce balbutiement<\/div>\n<div class=\"mdjCiter\">Un bonhomme hagard qui ferme sa fen\u00eatre<\/div>\n<div class=\"mdjCiter\">Le vieux cabot parlant des anciennes tourn\u00e9es<\/div>\n<div class=\"mdjCiter\">L\u2019escamoteur qu\u2019on fait \u00e0 son tour dispara\u00eetre<\/div>\n<div class=\"mdjCiter\">Je vois parfois celui que je n\u2019eus manqu\u00e9 d\u2019\u00eatre<\/div>\n<div class=\"mdjCiter\">Si tu n\u2019\u00e9tais venue changer ma destin\u00e9e<\/div>\n<div class=\"mdjCiter\">Et n\u2019avais relev\u00e9 le cheval couronn\u00e9<\/div>\n<div class=\"mdjCiter\">Je te dois tout je ne suis rien que ta poussi\u00e8re<\/div>\n<div class=\"mdjCiter\">Chaque mot de mon chant c\u2019est de toi qu\u2019il venait<\/div>\n<div class=\"mdjCiter\">Quand ton pied s\u2019y posa je n\u2019\u00e9tais qu\u2019une pierre<\/div>\n<div class=\"mdjCiter\">Ma gloire et ma grandeur seront d\u2019\u00eatre ton lierre<\/div>\n<div class=\"mdjCiter\">Le fid\u00e8le miroir o\u00f9 tu te reconnais<\/div>\n<div class=\"mdjCiter\">Je ne suis que ton ombre et ta menue monnaie<\/div>\n<div class=\"mdjCiter\">J\u2019ai tout appris de toi sur les choses humaines<\/div>\n<div class=\"mdjCiter\">Et j\u2019ai vu d\u00e9sormais le monde \u00e0 ta fa\u00e7on<\/div>\n<div class=\"mdjCiter\">J\u2019ai tout appris de toi comme on boit aux fontaines<\/div>\n<div class=\"mdjCiter\">Comme on lit dans le ciel les \u00e9toiles lointaines<\/div>\n<div class=\"mdjCiter\">Comme au passant qui chante on reprend sa chanson<\/div>\n<div class=\"mdjCiter\">J\u2019ai tout appris de toi jusqu\u2019au sens du frisson<\/div>\n<div class=\"mdjCiter\">J\u2019ai tout appris de toi pour ce qui me concerne<\/div>\n<div class=\"mdjCiter\">Qu\u2019il fait jour \u00e0 midi qu\u2019un ciel peut \u00eatre bleu<\/div>\n<div class=\"mdjCiter\">Que le bonheur n\u2019est pas un quinquet de taverne<\/div>\n<div class=\"mdjCiter\">Tu m\u2019as pris par la main dans cet enfer moderne<\/div>\n<div class=\"mdjCiter\">O\u00f9 l\u2019homme ne sait plus ce que c\u2019est qu\u2019\u00eatre deux<\/div>\n<div class=\"mdjCiter\">Tu m\u2019as pris par la main comme un amant heureux<\/div>\n<div class=\"mdjCiter\">Il vient de m\u2019\u00e9chapper un aveu redoutable<\/div>\n<div class=\"mdjCiter\">Quel verset appelait ce r\u00e9pons imprudent<\/div>\n<div class=\"mdjCiter\">Comme un nageur la mer Comme un pied nu le sable<\/div>\n<div class=\"mdjCiter\">Comme un front de dormeur la nappe sur la table<\/div>\n<div class=\"mdjCiter\">L\u2019alouette un miroir La porte l\u2019ouragan<\/div>\n<div class=\"mdjCiter\">La forme de ta main la caresse du gant<\/div>\n<div class=\"mdjCiter\">Le ciel va-t-il vraiment me le tenir \u00e0 crime<\/div>\n<div class=\"mdjCiter\">Je l\u2019ai dit j\u2019ai vendu mon ombre et mon secret<\/div>\n<div class=\"mdjCiter\">Ce que ressent mon c\u0153ur sur la sagesse prime<\/div>\n<div class=\"mdjCiter\">Je l\u2019ai dit sans savoir emport\u00e9 par la rime<\/div>\n<div class=\"mdjCiter\">Je l\u2019ai dit sans calcul je l\u2019ai dit d\u2019un seul trait<\/div>\n<div class=\"mdjCiter\">De s\u2019\u00eatre dit heureux qui donc ne bl\u00eamirait<\/div>\n<div class=\"mdjCiter\">Le bonheur c\u2019est un mot terriblement amer<\/div>\n<div class=\"mdjCiter\">Quel monstre emprunte ici le masque d\u2019une id\u00e9e<\/div>\n<div class=\"mdjCiter\">Sa coiffure de sphinx et ses bras de chim\u00e8re<\/div>\n<div class=\"mdjCiter\">Debout dans les tombeaux des couples qui s\u2019aim\u00e8rent<\/div>\n<div class=\"mdjCiter\">Le bonheur comme l\u2019or est un mot clabaud\u00e9<\/div>\n<div class=\"mdjCiter\">Il roule sur la dalle avec un bruit de d\u00e9s<\/div>\n<div class=\"mdjCiter\">Qui parle du bonheur a souvent les yeux tristes<\/div>\n<div class=\"mdjCiter\">N\u2019est-ce pas un sanglot de la d\u00e9convenue<\/div>\n<div class=\"mdjCiter\">Une corde bris\u00e9e aux doigts du guitariste<\/div>\n<div class=\"mdjCiter\">Et pourtant je vous dis que le bonheur existe<\/div>\n<div class=\"mdjCiter\">Ailleurs que dans le r\u00eave ailleurs que dans les nues<\/div>\n<div class=\"mdjCiter\">Terre terre voici ses rades inconnues<\/div>\n<div class=\"mdjCiter\">Croyez-moi ne me croyez pas quand j\u2019en t\u00e9moigne<\/div>\n<div class=\"mdjCiter\">Ce que je sais du malheur m\u2019en donne le droit<\/div>\n<div class=\"mdjCiter\">Si quand on marche vers le soleil il s\u2019\u00e9loigne<\/div>\n<div class=\"mdjCiter\">Si la nuque de l\u2019homme est faite pour la poigne<\/div>\n<div class=\"mdjCiter\">Du bourreau si ses bras sont promis \u00e0 la croix<\/div>\n<div class=\"mdjCiter\">Le bonheur existe et j\u2019y crois&nbsp; [&#8230;]\u00bb<\/div>\n<div class=\"mdjCiter\">Louis Aragon<\/div>\n<div class=\"mdjComplements\">Jean Ferrat a \u00ab\u00a0picor\u00e9\u00a0\u00bb quelques strophes de ce po\u00e8me et a cr\u00e9\u00e9 une de ses plus belles chansons : <a href=\"https:\/\/www.youtube.com\/watch?v=eedzx73JX-s\">\u00ab Que serais-je sans toi \u00bb<\/a><\/div>\n","protected":false},"excerpt":{"rendered":"<p>Vendredi 13 f\u00e9vrier 2015 \u00ab Et pourtant je vous dis que le bonheur existe Ailleurs que dans le r\u00eave ailleurs que dans les nues Terre terre voici ses rades inconnues \u00bb Aragon Pour la Saint Valentin qui sera f\u00eat\u00e9e demain,<\/p>\n","protected":false},"author":1,"featured_media":0,"comment_status":"closed","ping_status":"closed","sticky":false,"template":"","format":"standard","meta":{"footnotes":""},"categories":[1],"tags":[53,8],"class_list":["post-1006","post","type-post","status-publish","format-standard","hentry","category-motdujour","tag-affect","tag-poesie"],"_links":{"self":[{"href":"https:\/\/lemotdujour.fr\/index.php?rest_route=\/wp\/v2\/posts\/1006","targetHints":{"allow":["GET"]}}],"collection":[{"href":"https:\/\/lemotdujour.fr\/index.php?rest_route=\/wp\/v2\/posts"}],"about":[{"href":"https:\/\/lemotdujour.fr\/index.php?rest_route=\/wp\/v2\/types\/post"}],"author":[{"embeddable":true,"href":"https:\/\/lemotdujour.fr\/index.php?rest_route=\/wp\/v2\/users\/1"}],"replies":[{"embeddable":true,"href":"https:\/\/lemotdujour.fr\/index.php?rest_route=%2Fwp%2Fv2%2Fcomments&post=1006"}],"version-history":[{"count":3,"href":"https:\/\/lemotdujour.fr\/index.php?rest_route=\/wp\/v2\/posts\/1006\/revisions"}],"predecessor-version":[{"id":13459,"href":"https:\/\/lemotdujour.fr\/index.php?rest_route=\/wp\/v2\/posts\/1006\/revisions\/13459"}],"wp:attachment":[{"href":"https:\/\/lemotdujour.fr\/index.php?rest_route=%2Fwp%2Fv2%2Fmedia&parent=1006"}],"wp:term":[{"taxonomy":"category","embeddable":true,"href":"https:\/\/lemotdujour.fr\/index.php?rest_route=%2Fwp%2Fv2%2Fcategories&post=1006"},{"taxonomy":"post_tag","embeddable":true,"href":"https:\/\/lemotdujour.fr\/index.php?rest_route=%2Fwp%2Fv2%2Ftags&post=1006"}],"curies":[{"name":"wp","href":"https:\/\/api.w.org\/{rel}","templated":true}]}}