{"id":1004,"date":"2015-02-12T01:00:00","date_gmt":"2015-02-11T22:00:00","guid":{"rendered":"http:\/\/lemotdujour.fr\/?p=1004"},"modified":"2020-02-11T21:08:59","modified_gmt":"2020-02-11T20:08:59","slug":"jeudi-12-fevrier-2015","status":"publish","type":"post","link":"https:\/\/lemotdujour.fr\/?p=1004","title":{"rendered":"Jeudi 12 f\u00e9vrier 2015"},"content":{"rendered":"<div class=\"mdjDate\">Jeudi 12 f\u00e9vrier 2015<\/div>\n<div class=\"mdjTexte\">\u00ab L\u2019ar\u00f4me des mots \u00e0 l\u2019infini \u00bb<\/div>\n<div class=\"mdjAuteur\">Anagramme de \u00ab Les \u00e9ditions Flammarion \u00bb<br \/>\n\u00c9tienne Klein &amp; Jacques Perry-Salkow<\/div>\n<p><span style=\"color: #777777; font-family: Arial;\">Une anagramme (le mot est f\u00e9minin) \u2013 du grec \u03b1\u03bd\u03ac, \u00ab\u00a0<strong>en arri\u00e8re<\/strong>\u00a0\u00bb, et \u03b3\u03c1\u03ac\u03bc\u03bc\u03b1, \u00ab\u00a0<strong>lettre<\/strong>\u00a0\u00bb, anagramma\u00a0: \u00ab\u00a0<strong>renversement de lettres<\/strong>\u00a0\u00bb \u2013 est une construction fond\u00e9e sur une figure de style qui inverse ou permute les lettres d&rsquo;un mot ou d&rsquo;un groupe de mots pour en extraire un sens ou un mot nouveau.<br \/>\n<\/span><\/p>\n<p><img loading=\"lazy\" decoding=\"async\" class=\"alignleft\" src=\"https:\/\/lemotdujour.fr\/wp-content\/uploads\/2020\/02\/021120_2005_LundiXXfvri1.jpg\" alt=\"\" width=\"251\" height=\"403\" align=\"left\" \/><span style=\"color: #777777; font-family: Arial;\">\u00c9tienne Klein, le physicien et journaliste est un adepte de ce jeu de l&rsquo;anagramme mais il reconna\u00eet bien volontiers\u00a0 la sup\u00e9riorit\u00e9, dans ce domaine, de son ami Jacques Perry-Salkow avec lequel il a \u00e9crit le livre \u00ab\u00a0<a href=\"https:\/\/editions.flammarion.com\/Catalogue\/hors-collection\/anagrammes-renversantes1\"><span style=\"color: #0000ff;\"><strong>Anagrammes renversantes ou Le sens cach\u00e9 du monde<\/strong><\/span>\u00a0<\/a>\u00bb parue en 2011 chez Flammarion.<br \/>\n<\/span><\/p>\n<p><span style=\"color: #777777; font-family: Arial;\">Il raconte dans <a href=\"http:\/\/www.media-paris-saclay.fr\/rencontre-entre-un-physicien-et-un-pianiste-autour-d%E2%80%99anagrammes-entretien-avec-etienne-klein\/\"><span style=\"color: blue; text-decoration: underline;\">&lt;cet article&gt;<\/span><\/a> la gen\u00e8se de ce livre et aussi que Flammarion \u00e9tait r\u00e9ticent de le publier jusqu&rsquo;\u00e0 ce que les deux comp\u00e8res d\u00e9voilent l&rsquo;anagramme dont j&rsquo;ai fait le mot du jour et qui r\u00e9v\u00e8le le sens cach\u00e9 des \u00c9ditions Flammarion.<br \/>\n<\/span><\/p>\n<p><span style=\"color: #777777; font-family: Arial;\">Depuis que dans les diff\u00e9rentes \u00e9missions qu&rsquo;il anime, j&rsquo;entendais Etienne Klein \u00e9grener des anagrammes, j&rsquo;avais envie d&rsquo;abord de parler de ce livre et plus g\u00e9n\u00e9ralement des anagrammes \u00e9tonnantes et plein de sens.<br \/>\n<\/span><\/p>\n<p><span style=\"color: #777777; font-family: Arial;\">En voici d&rsquo;autres tir\u00e9es de ce livre :<br \/>\n<\/span><\/p>\n<ul>\n<li><span style=\"color: #c00000; font-family: Arial;\">pirate = patrie<br \/>\n<\/span><\/li>\n<li><span style=\"color: #c00000; font-family: Arial;\">\u00e9treinte = \u00e9ternit\u00e9<br \/>\n<\/span><\/li>\n<li><span style=\"color: #c00000; font-family: Arial;\">sportifs = profits<br \/>\n<\/span><\/li>\n<\/ul>\n<p><span style=\"color: #777777; font-family: Arial;\">Apr\u00e8s pour comprendre les autres il faut avoir un peu de culture, de connaissance scientifique et aussi de connaissance de l&rsquo;actualit\u00e9 :<br \/>\n<\/span><\/p>\n<ul>\n<li><span style=\"color: #c00000; font-family: Arial;\">le M\u00e9diator = la mort id\u00e9ale<br \/>\n<\/span><\/li>\n<li><span style=\"color: #c00000; font-family: Arial;\">Claude Levi Strauss = a des avis culturels<br \/>\n<\/span><\/li>\n<li><span style=\"color: #c00000; font-family: Arial;\">la courbure de l&rsquo;espace-temps = superbe spectacle de l&rsquo;amour<br \/>\n<\/span><\/li>\n<li><span style=\"color: #c00000; font-family: Arial;\">le chat de Schr\u00f6dinger = le choc d&rsquo;hier est grand<br \/>\n<\/span><\/li>\n<li><span style=\"color: #c00000; font-family: Arial;\">La th\u00e9orie de la relativit\u00e9 restreinte = v\u00e9rit\u00e9 th\u00e9\u00e2trale et loi intersid\u00e9rale<br \/>\n<\/span><\/li>\n<li><span style=\"color: #c00000; font-family: Arial;\">Le Radeau de la M\u00e9duse = au-del\u00e0 de la d\u00e9mesure<br \/>\n<\/span><\/li>\n<li><span style=\"color: #c00000; font-family: Arial;\">Saint-Germain des Pr\u00e9s = matins n\u00e8gres de Paris<br \/>\n<\/span><\/li>\n<li><span style=\"color: #c00000; font-family: Arial;\">H\u00f4tel des ventes de Drouot = un lot de vestes d&rsquo;H\u00e9rodote<br \/>\n<\/span><\/li>\n<li><span style=\"color: #c00000; font-family: Arial;\">L&rsquo;origine de l&rsquo;univers = un vide noir gr\u00e9sille<br \/>\n<\/span><\/li>\n<li><span style=\"color: #c00000; font-family: Arial;\">Le marquis de Sade = d\u00e9masqua le d\u00e9sir<br \/>\n<\/span><\/li>\n<li><span style=\"color: #c00000; font-family: Arial;\">\u00catre ou ne pas \u00eatre, voil\u00e0 la question = Oui, et la poser n&rsquo;est que vanit\u00e9 orale<br \/>\n<\/span><\/li>\n<li><span style=\"color: #c00000; font-family: Arial;\">Et les particules \u00e9l\u00e9mentaires = tiss\u00e8rent l&rsquo;espace et la lumi\u00e8re<br \/>\n<\/span><\/li>\n<li><span style=\"color: #c00000; font-family: Arial;\">La gravitation universelle = loi vitale r\u00e9gnant sur la vie<br \/>\n<\/span><\/li>\n<li><span style=\"color: #c00000; font-family: Arial;\">L\u00e9onard Bernstein = l&rsquo;art de bien sonner<br \/>\n<\/span><\/li>\n<li><span style=\"color: #c00000; font-family: Arial;\">Marie-Antoinette d&rsquo;Autriche = cette amie h\u00e9rita du Trianon = Reine, ta t\u00eate a d\u00fb choir matin<br \/>\n<\/span><\/li>\n<li><span style=\"color: #c00000; font-family: Arial;\">\u00abLe Pr\u00e9sident Barack Hussein Obama \u00bb [doit beaucoup] = \u00ab \u00e0 Rosa Parks, \u00e0 ce bien humble destin \u00bb<br \/>\n<\/span><\/li>\n<\/ul>\n<p><span style=\"color: #777777; font-family: Arial;\">Et \u00e0 mon sens les 3 les plus fabuleux :<br \/>\n<\/span><\/p>\n<ul>\n<li><span style=\"color: #c00000; font-family: Arial;\">Le Mar\u00e9chal P\u00e9tain = Place \u00e0 Hitler, amen !<br \/>\n<\/span><\/li>\n<li><span style=\"color: #c00000; font-family: Arial;\">Le commandant Cousteau = tout commen\u00e7a dans l&rsquo;eau<br \/>\n<\/span><\/li>\n<\/ul>\n<p><span style=\"color: #777777; font-family: Arial;\">Et :<br \/>\n<\/span><\/p>\n<ul>\n<li><span style=\"color: #c00000; font-family: Arial;\">L&rsquo;origine du monde, Gustave Courbet =\u00a0 ce vagin o\u00f9 goutte l&rsquo;ombre d&rsquo;un d\u00e9sir<br \/>\n<\/span><\/li>\n<\/ul>\n<p><img decoding=\"async\" class=\"aligncenter\" src=\"https:\/\/lemotdujour.fr\/wp-content\/uploads\/2020\/02\/021120_2005_LundiXXfvri2.jpg\" alt=\"\" \/><span style=\"color: #777777; font-family: Arial;\"><br \/>\n<\/span><\/p>\n<p><span style=\"color: #777777; font-family: Arial;\">Voil\u00e0, voil\u00e0, je crois que vous allez courir acheter ce livre<br \/>\n<\/span><\/p>\n<p><span style=\"color: #c00000; font-family: Arial;\">&lt;439&gt;<br \/>\n<\/span><\/p>\n","protected":false},"excerpt":{"rendered":"<p>Jeudi 12 f\u00e9vrier 2015 \u00ab L\u2019ar\u00f4me des mots \u00e0 l\u2019infini \u00bb Anagramme de \u00ab Les \u00e9ditions Flammarion \u00bb \u00c9tienne Klein &amp; Jacques Perry-Salkow Une anagramme (le mot est f\u00e9minin) \u2013 du grec \u03b1\u03bd\u03ac, \u00ab\u00a0en arri\u00e8re\u00a0\u00bb, et \u03b3\u03c1\u03ac\u03bc\u03bc\u03b1, \u00ab\u00a0lettre\u00a0\u00bb, anagramma\u00a0: \u00ab\u00a0renversement<\/p>\n","protected":false},"author":1,"featured_media":0,"comment_status":"closed","ping_status":"closed","sticky":false,"template":"","format":"standard","meta":{"footnotes":""},"categories":[1],"tags":[15,88,9],"class_list":["post-1004","post","type-post","status-publish","format-standard","hentry","category-motdujour","tag-france","tag-langue","tag-litterature"],"_links":{"self":[{"href":"https:\/\/lemotdujour.fr\/index.php?rest_route=\/wp\/v2\/posts\/1004","targetHints":{"allow":["GET"]}}],"collection":[{"href":"https:\/\/lemotdujour.fr\/index.php?rest_route=\/wp\/v2\/posts"}],"about":[{"href":"https:\/\/lemotdujour.fr\/index.php?rest_route=\/wp\/v2\/types\/post"}],"author":[{"embeddable":true,"href":"https:\/\/lemotdujour.fr\/index.php?rest_route=\/wp\/v2\/users\/1"}],"replies":[{"embeddable":true,"href":"https:\/\/lemotdujour.fr\/index.php?rest_route=%2Fwp%2Fv2%2Fcomments&post=1004"}],"version-history":[{"count":2,"href":"https:\/\/lemotdujour.fr\/index.php?rest_route=\/wp\/v2\/posts\/1004\/revisions"}],"predecessor-version":[{"id":8079,"href":"https:\/\/lemotdujour.fr\/index.php?rest_route=\/wp\/v2\/posts\/1004\/revisions\/8079"}],"wp:attachment":[{"href":"https:\/\/lemotdujour.fr\/index.php?rest_route=%2Fwp%2Fv2%2Fmedia&parent=1004"}],"wp:term":[{"taxonomy":"category","embeddable":true,"href":"https:\/\/lemotdujour.fr\/index.php?rest_route=%2Fwp%2Fv2%2Fcategories&post=1004"},{"taxonomy":"post_tag","embeddable":true,"href":"https:\/\/lemotdujour.fr\/index.php?rest_route=%2Fwp%2Fv2%2Ftags&post=1004"}],"curies":[{"name":"wp","href":"https:\/\/api.w.org\/{rel}","templated":true}]}}