{"id":10036,"date":"2020-11-09T02:14:00","date_gmt":"2020-11-09T01:14:00","guid":{"rendered":"http:\/\/lemotdujour.fr\/?p=10036"},"modified":"2023-08-16T23:55:36","modified_gmt":"2023-08-16T21:55:36","slug":"lundi-9-novembre-2020","status":"publish","type":"post","link":"https:\/\/lemotdujour.fr\/?p=10036","title":{"rendered":"Lundi 9 novembre 2020"},"content":{"rendered":"<div class=\"mdjTexte\">\u00ab C\u2019est absurde de mourir dans un accident de voiture. \u00bb<\/div>\n<div class=\"mdjAuteur\">Albert Camus<\/div>\n<p><span style=\"color: #777777; font-family: Arial;\">C&rsquo;\u00e9tait il y a 60 ans en 1960, mais au d\u00e9but de l&rsquo;ann\u00e9e\u00a0: le 4 janvier 1960 dans l&rsquo;Yonne sur le territoire de la commune de Villeblevin, un peu au sud de Fontainebleau<br \/>\n<\/span><\/p>\n<p><span style=\"color: #777777; font-family: Arial;\"><img loading=\"lazy\" decoding=\"async\" class=\" wp-image-10040 alignleft\" src=\"https:\/\/lemotdujour.fr\/wp-content\/uploads\/2020\/11\/La-mort-de-Camus.png\" alt=\"\" width=\"465\" height=\"378\" srcset=\"https:\/\/lemotdujour.fr\/wp-content\/uploads\/2020\/11\/La-mort-de-Camus.png 902w, https:\/\/lemotdujour.fr\/wp-content\/uploads\/2020\/11\/La-mort-de-Camus-300x244.png 300w, https:\/\/lemotdujour.fr\/wp-content\/uploads\/2020\/11\/La-mort-de-Camus-768x625.png 768w\" sizes=\"auto, (max-width: 465px) 100vw, 465px\" \/>A 13h55, \u00e0 pleine vitesse, la voiture conduite par Michel Gallimard arr\u00eate sa course dans un platane situ\u00e9 le long de la nationale 5 et se disloque.<br \/>\n<\/span><\/p>\n<p><span style=\"color: #777777; font-family: Arial;\">Albert Camus, assis \u00e0 la place qu&rsquo;on appelle \u00abla place du mort\u00bb, perd la vie imm\u00e9diatement, \u00e0 46 ans.<br \/>\n<\/span><\/p>\n<p><span style=\"color: #777777; font-family: Arial;\">Michel Gallimard, transport\u00e9 d&rsquo;urgence dans un h\u00f4pital, mourra six jours plus tard.<br \/>\n<\/span><\/p>\n<p><span style=\"color: #777777; font-family: Arial;\">A l&rsquo;arri\u00e8re de la voiture se trouvait l&rsquo;\u00e9pouse de Michel\u00a0: Janine et leur fille Anne<br \/>\n<\/span><\/p>\n<p><span style=\"color: #777777; font-family: Arial;\">Les deux femmes sortiront miraculeusement indemnes.<br \/>\n<\/span><\/p>\n<p><span style=\"color: #777777; font-family: Arial;\">Michel est le neveu de Gaston Gallimard, l&rsquo;\u00e9diteur d&rsquo;Albert Camus.<br \/>\n<\/span><\/p>\n<p><span style=\"color: #777777; font-family: Arial;\">Michel et son \u00e9pouse sont des intimes de Camus. Michel, qui dirige la c\u00e9l\u00e8bre collection La Pl\u00e9iade, est tuberculeux, comme Albert, ce qui cr\u00e9e un lien tr\u00e8s fort entre eux.<br \/>\n<\/span><\/p>\n<p><span style=\"color: #777777; font-family: Arial;\">Le philosophe de l&rsquo;absurde meurt dans un accident de voiture. Lui qui a dit souvent qu&rsquo;il trouvait absurde de mourir dans un accident de voiture. C&rsquo;est ce que r\u00e9v\u00e8le ce remarquable documentaire r\u00e9alis\u00e9 par <strong>Georges-Marc Benamou<\/strong>\u00a0: \u00ab\u00a0<a href=\"https:\/\/www.youtube.com\/watch?v=5CIBtVu17_U\"><span style=\"color: #0000ff;\">Les vies d&rsquo;Albert Camus<\/span>\u00a0<\/a>\u00bb.<br \/>\n<\/span><\/p>\n<p><span style=\"color: #777777; font-family: Arial;\">Comment s&rsquo;est-il trouv\u00e9 dans cette voiture, une Facel Vega, avec son ami Michel\u00a0?<br \/>\n<\/span><\/p>\n<p><span style=\"color: #777777; font-family: Arial;\">En 1957, il avait re\u00e7u le prix Nobel de litt\u00e9rature et gr\u00e2ce au ch\u00e8que de l&rsquo;acad\u00e9mie de Stockholm, il avait achet\u00e9 une belle maison dans le Lub\u00e9ron, une ancienne magnanerie, ces fermes o\u00f9 l&rsquo;on \u00e9levait des vers \u00e0 soie. C&rsquo;\u00e9tait dans une petite rue de la commune de Lourmarin, village du Vaucluse. Petite rue qui s&rsquo;appelait pourtant \u00ab\u00a0la Grand-Rue\u00a0\u00bb et qui depuis a \u00e9t\u00e9 rebaptis\u00e9e \u00ab\u00a0rue Albert Camus\u00a0\u00bb.<br \/>\n<\/span><\/p>\n<p><span style=\"color: #777777; font-family: Arial;\">Ce village, ce lieu lui rappelait son Alg\u00e9rie natale qu&rsquo;il aimait tant et pour laquelle il avait r\u00eav\u00e9 un autre destin que celui qui allait advenir 2 ans et demi plus tard\u00a0: l&rsquo;ind\u00e9pendance.<br \/>\n<\/span><\/p>\n<p><span style=\"color: #777777; font-family: Arial;\">Lui avait ce r\u00eave utopique d&rsquo;une Alg\u00e9rie d\u00e9finitivement li\u00e9e \u00e0 la France, mais avec des droits strictement identiques entre ceux qu&rsquo;on appelait les indig\u00e8nes et les fran\u00e7ais \u00ab europ\u00e9ens \u00bb. Il aurait voulu aussi une aide massive pour aider les alg\u00e9riens et notamment les kabyles \u00e0 sortir de la pauvret\u00e9.Il avait publi\u00e9 un reportage, rest\u00e9 c\u00e9l\u00e8bre, du 5 au 15 juin 1939, dans le quotidien alg\u00e9rois, \u00ab<strong>Alger R\u00e9publicain<\/strong>\u00bb fond\u00e9 en 1938 par son ami Pascal Pia : \u00ab<span style=\"color: #0000ff;\"><strong>Mis\u00e8re de la Kabylie<\/strong><\/span>\u00bb<br \/>\n<\/span><\/p>\n<p><span style=\"color: #777777; font-family: Arial;\">Nous comprenons, 60 ans apr\u00e8s, que cette utopie de Camus n&rsquo;avait aucune chance \u00e0 prosp\u00e9rer.<br \/>\n<\/span><\/p>\n<p><span style=\"color: #777777; font-family: Arial;\">Il aimait donc ce lieu du Lub\u00e9ron loin des pol\u00e9miques parisiennes, de l&rsquo;ostracisme auquel l&rsquo;avait condamn\u00e9 Jean-Paul Sartre et son clan de staliniens haineux et intol\u00e9rants qui r\u00e9gnaient alors dans le monde intellectuel de gauche de la capitale.<br \/>\n<\/span><\/p>\n<p><span style=\"color: #777777; font-family: Arial;\">&lt;<a href=\"https:\/\/www.lexpress.fr\/culture\/livre\/les-dernieres-heures-d-albert-camus_836424.html\"><span style=\"color: #0000ff;\">Cet article de l&rsquo;Express<\/span><\/a>&gt; narre\u00a0:<br \/>\n<\/span><\/p>\n<p style=\"margin-left: 28pt;\"><span style=\"color: #c00000; font-family: Arial;\">\u00ab\u00a0Loin du ballet protocolaire du Nobel, des pol\u00e9miques avec Sartre et des intrigues de couloirs de la maison Gallimard, l&rsquo;auteur de L&rsquo;Etranger revit dans ce pays de soleil et de vignes, qui lui rappelle son Alg\u00e9rie natale. On le croise r\u00e9guli\u00e8rement au bord du terrain de foot, encourageant la Jeunesse sportive lourmarinoise, ou \u00e0 la terrasse du caf\u00e9 Ollier. Comme en paix avec lui-m\u00eame. \u00ab\u00a0J&rsquo;y ai pass\u00e9 quelques semaines en juillet 1959, se souvient sa fille Catherine, qui avait 14 ans \u00e0 l&rsquo;\u00e9poque [\u2026]. Il \u00e9tait dans son \u00e9l\u00e9ment, en ad\u00e9quation avec ce ciel, cette terre. Il s&rsquo;y d\u00e9pla\u00e7ait avec le naturel d&rsquo;un chat.\u00a0\u00bb<br \/>\n<\/span><\/p>\n<p><span style=\"color: #777777; font-family: Arial;\">C&rsquo;est dans cette ambiance que pour No\u00ebl 1959, Albert Camus est rejoint par son \u00e9pouse Francine et leurs deux enfants, les jumeaux Catherine et Jean, pour les vacances.<br \/>\n<\/span><\/p>\n<p><span style=\"color: #777777; font-family: Arial;\">La vie sentimentale d&rsquo;Albert Camus est compliqu\u00e9e, comme le montre le documentaire de Georges-Marc Benamou. Ce dernier r\u00e9veillon de No\u00ebl, comme le nouvel an, se passe avec sa famille.<br \/>\n<\/span><\/p>\n<p><span style=\"color: #777777; font-family: Arial;\">Le 2 janvier, Francine, Catherine et Jean prennent le train \u00e0 la gare d&rsquo;Avignon pour rejoindre Paris. Albert Camus avait \u00e9galement achet\u00e9 un billet de retour en train. Il avait pr\u00e9vu de rentrer par le chemin de fer, deux jours plus tard, en compagnie de son ami Ren\u00e9 Char. <\/span><\/p>\n<p><span style=\"color: #777777; font-family: Arial;\">Tr\u00e8s souvent, comme le rapporte George-Marc Benamou dans son documentaire, il avait eu ce mot : <\/span><span style=\"color: #777777; font-family: Arial;\">\u00ab\u00a0<strong>C&rsquo;est absurde de mourir dans un accident de voiture<\/strong>\u00a0\u00bb.<br \/>\n<\/span><\/p>\n<p><span style=\"color: #777777; font-family: Arial;\">Il vaut mieux rentrer en train, mais ce billet de train pour Paris, il ne l&rsquo;utilisera pas.<br \/>\n<\/span><\/p>\n<p><span style=\"color: #777777; font-family: Arial;\">Car entre-temps sont arriv\u00e9s \u00e0 Lourmarin &#8211; au volant d&rsquo;une Facel Vega&#8230; &#8211; Michel et Janine Gallimard, accompagn\u00e9s de leur fille Anne.<br \/>\n<\/span><\/p>\n<p><span style=\"color: #777777; font-family: Arial;\">Et Albert Camus d\u00e9cidera de rentrer en voiture avec ses amis.<br \/>\n<\/span><\/p>\n<p><span style=\"color: #777777; font-family: Arial;\">Et je cite le m\u00eame &lt;<a href=\"https:\/\/www.lexpress.fr\/culture\/livre\/les-dernieres-heures-d-albert-camus_836424.html\"><span style=\"color: #0000ff;\">article de l&rsquo;Express<\/span><\/a>&gt; qui raconte le d\u00e9part le 3 janvier au matin\u00a0:<br \/>\n<\/span><\/p>\n<p style=\"margin-left: 28pt;\"><span style=\"color: #c00000; font-family: Arial;\">\u00ab\u00a0On fait un dernier plein \u00e0 la station Shell du village et le garagiste en profite pour se faire d\u00e9dicacer son exemplaire de L&rsquo;Etranger : \u00ab\u00a0A monsieur Baumas, qui contribue \u00e0 me faire revenir souvent dans le beau Lourmarin\u00a0\u00bb, \u00e9crit Camus&#8230; Puis ce sont les adieux \u00e0 la fid\u00e8le Suzanne Ginoux. Tout le monde &#8211; Michel, au volant, Janine, Anne, Camus et Floc (le chien des Gallimard) &#8211; grimpe dans la voiture. [\u2026]<br \/>\n<\/span><\/p>\n<p style=\"margin-left: 28pt;\"><span style=\"color: #c00000; font-family: Arial;\">Nationale 7, d\u00e9jeuner \u00e0 Orange, puis remont\u00e9e vers la Bourgogne, discussions anim\u00e9es sur les vell\u00e9it\u00e9s th\u00e9\u00e2trales d&rsquo;Anne Gallimard, encourag\u00e9es par Camus, nationale 6 et, enfin, halte pour la nuit au Chapon fin, deux \u00e9toiles au Michelin, \u00e0 Thoissey, un peu avant M\u00e2con. Le d\u00eener est joyeux : on c\u00e9l\u00e8bre les 18 ans d&rsquo;Anne Gallimard.<br \/>\n<\/span><\/p>\n<p style=\"margin-left: 28pt;\"><span style=\"color: #c00000; font-family: Arial;\">Au matin du 4 janvier, on repart tranquillement vers Paris. [\u2026]<br \/>\n<\/span><\/p>\n<p style=\"margin-left: 28pt;\"><span style=\"color: #c00000; font-family: Arial;\">Les amis s&rsquo;arr\u00eatent \u00e0 Sens pour un bref d\u00e9jeuner \u00e0 l&rsquo;h\u00f4tel de Paris et de la Poste. Puis c&rsquo;est la nationale 5 jusqu&rsquo;\u00e0 Paris (autre signe du destin, la construction de l&rsquo;autoroute du Sud, qui aurait peut-\u00eatre pu \u00e9viter le drame, commencera cette m\u00eame ann\u00e9e 1960&#8230;), Camus est assis sur le si\u00e8ge passager, sans ceinture de s\u00e9curit\u00e9 (non obligatoire \u00e0 l&rsquo;\u00e9poque), les deux femmes \u00e0 l&rsquo;arri\u00e8re. La voiture vient de passer Champigny-sur-Yonne et aborde une longue ligne droite bord\u00e9e de platanes. Que s&rsquo;est-il exactement produit \u00e0 cet instant ? La Facel Vega sort de la route, frappe de plein fouet un premier arbre puis rebondit 13 m\u00e8tres plus loin sur un second platane, autour duquel le ch\u00e2ssis s&rsquo;enroule. Les d\u00e9bris de la voiture, litt\u00e9ralement coup\u00e9e en deux, sont \u00e9parpill\u00e9s sur des dizaines de m\u00e8tres[\u2026]. Les gendarmes, qui penchent pour un pneu \u00e9clat\u00e9 et, sans doute, une vitesse excessive, rel\u00e8vent une trace de 63 m\u00e8tres de long. On n&rsquo;a, semble-t-il, signal\u00e9 aucun autre v\u00e9hicule ni obstacle impr\u00e9vu \u00e0 proximit\u00e9 du drame.\u00a0\u00bb<br \/>\n<\/span><\/p>\n<p><img loading=\"lazy\" decoding=\"async\" class=\"alignright\" src=\"https:\/\/lemotdujour.fr\/wp-content\/uploads\/2020\/11\/110820_2113_Lundi9novem2.jpg\" alt=\"\" width=\"418\" height=\"613\" align=\"left\" \/><span style=\"color: #777777; font-family: Arial;\">\u00ab\u00a0<strong>C&rsquo;est absurde de mourir dans un accident de voiture<\/strong>\u00a0\u00bb.<br \/>\n<\/span><\/p>\n<p><span style=\"color: #777777; font-family: Arial;\">Des d\u00e9combres, macul\u00e9e de boue, on extrait la serviette d&rsquo;Albert Camus.<br \/>\n<\/span><\/p>\n<p><span style=\"color: #777777; font-family: Arial;\">Il y avait gliss\u00e9, quelques photographies, un exemplaire du Gai Savoir, de Nietzsche, une \u00e9dition scolaire d&rsquo;Othello et les 144 feuillets du manuscrit de son chef d&rsquo;\u0153uvre \u00ab\u00a0<a href=\"http:\/\/www.gallimard.fr\/Catalogue\/GALLIMARD\/Cahiers-Albert-Camus\/Le-premier-homme\"><strong><span style=\"color: #0000ff;\">Le Premier Homme<\/span><\/strong><\/a><span style=\"color: #0000ff;\">\u00a0<\/span>\u00bb<br \/>\n<\/span><\/p>\n<p><span style=\"color: #777777; font-family: Arial;\">Lors du mot du jour du &lt;<a href=\"https:\/\/lemotdujour.fr\/?p=3245\"><span style=\"color: blue; text-decoration: underline;\"><span style=\"color: #0000ff; text-decoration: underline;\">2 octobre 2017<\/span><\/span><\/a><span style=\"color: blue;\"><span style=\"text-decoration: underline;\">, <\/span><span style=\"color: #777777; ;\">j&rsquo;avais d\u00e9j\u00e0 cit\u00e9 un extrait du premier homme, une citation de son p\u00e8re<span style=\"color: navy;\"><strong>\u00a0: \u00ab Non, un homme \u00e7a s&#8217;emp\u00eache. Voil\u00e0 ce qu&rsquo;est un homme, ou sinon\u2026 \u00bb<br \/>\n<\/strong><\/span><\/span><\/span><\/span><\/p>\n<p><span style=\"color: #777777; font-family: Arial;\">Jeune, Camus ne me \u00ab\u00a0parlait\u00a0\u00bb pas. J&rsquo;avais \u00e9tudi\u00e9 \u00e0 l&rsquo;\u00e9cole \u00ab\u00a0L&rsquo;Etranger\u00a0\u00bb, comme tout le monde, je pense.<br \/>\n<\/span><\/p>\n<p><span style=\"color: #777777; font-family: Arial;\">Rien ne m&rsquo;avait accroch\u00e9, alors.<br \/>\n<\/span><\/p>\n<p><span style=\"color: #777777; font-family: Arial;\">Mais depuis que l&rsquo;\u00e2ge permet de monter chaque jour un peu plus, les marches de la maturation, Camus m&rsquo;apparait chaque jour, un peu plus, comme un de ces g\u00e9ants qui nous permet de progresser et de r\u00e9duire notre manque d&rsquo;intelligence.<br \/>\n<\/span><\/p>\n<p><span style=\"color: #777777; font-family: Arial;\">J&rsquo;ai appris que l&rsquo;expression \u00ab\u00a0<strong>des nains sur des \u00e9paules de g\u00e9ants<\/strong>\u00a0\u00bb (<em>en latin : nani gigantum humeris insidentes<\/em>) est <span style=\"color: #0000ff;\"><a style=\"color: #0000ff;\" href=\"https:\/\/fr.wikipedia.org\/wiki\/Des_nains_sur_des_%C3%A9paules_de_g%C3%A9ants\">une m\u00e9taphore attribu\u00e9e \u00e0 Bernard de Chartres<\/a><\/span>, ma\u00eetre du XIIe si\u00e8cle, utilis\u00e9e pour montrer l&rsquo;importance pour tout homme ayant une ambition intellectuelle de s&rsquo;appuyer sur les travaux des grands penseurs du pass\u00e9 (les \u00ab g\u00e9ants \u00bb).<br \/>\n<\/span><\/p>\n<p><span style=\"color: #777777; font-family: Arial;\">J&rsquo;ai plusieurs fois cit\u00e9 Albert Camus dans les mots du jour. En partant des plus r\u00e9cents\u00a0:<br \/>\n<\/span><\/p>\n<ul>\n<li><span style=\"color: blue; font-family: Arial;\"><span style=\"text-decoration: underline;\"><span style=\"color: #0000ff; text-decoration: underline;\">&lt;<a style=\"color: #0000ff; text-decoration: underline;\" href=\"https:\/\/lemotdujour.fr\/?p=7300\">jeudi 17 octobre 2019<\/a><\/span>&gt;\u00a0:<\/span><span style=\"color: #777777;\"> \u00ab <span style=\"color: navy;\"><strong>Quand ils ont peur, c&rsquo;est pour eux-m\u00eames. Mais leur haine est pour les autres<\/strong><span style=\"color: #777777;\">. \u00bb<br \/>\n<\/span><\/span><\/span><\/span><\/li>\n<li><span style=\"color: blue; font-family: Arial;\"><span style=\"text-decoration: underline; color: #0000ff;\">&lt;<a style=\"color: #0000ff; text-decoration: underline;\" href=\"https:\/\/lemotdujour.fr\/?p=4998\">mardi 12 juin 2018<\/a>&gt;\u00a0: <\/span><span style=\"color: navy;\"><strong>\u00abCe que je sais de la morale, c&rsquo;est au football que je le dois\u2026\u00a0\u00bb<br \/>\n<\/strong><\/span><\/span><\/li>\n<li><span style=\"color: blue; font-family: Arial;\"><span style=\"text-decoration: underline;\">&lt;<span style=\"color: #0000ff; text-decoration: underline;\"><a style=\"color: #0000ff; text-decoration: underline;\" href=\"https:\/\/lemotdujour.fr\/?p=3274\">vendredi 6 octobre 2017<\/a>&gt;\u00a0<\/span>: <\/span><span style=\"color: navy;\"><strong>\u00ab\u00a0Sans vous, sans cette main affectueuse que vous avez tendue au petit enfant pauvre que j&rsquo;\u00e9tais, sans votre enseignement, et votre exemple, rien de tout cela ne serait arriv\u00e9\u00a0\u00bb<br \/>\n<\/strong><\/span><\/span><\/li>\n<li><span style=\"color: #777777; font-family: Arial;\"><span style=\"color: #0000ff;\">&lt;<a style=\"color: #0000ff;\" href=\"https:\/\/lemotdujour.fr\/?p=2163\"><span style=\"text-decoration: underline;\">jeudi 22 ao\u00fbt 2013<\/span><\/a><\/span><span style=\"color: blue;\"><span style=\"text-decoration: underline;\"><span style=\"color: #0000ff; text-decoration: underline;\">&gt;<\/span>\u00a0<\/span><span style=\"color: #777777;\">: \u00ab\u00a0<span style=\"color: navy;\"><strong>Mal nommer un objet, c&rsquo;est ajouter au malheur de ce monde.<\/strong><span style=\"color: #777777;\"> \u00bb<br \/>\n<\/span><\/span><\/span><\/span><\/span><\/li>\n<li><span style=\"color: #777777; font-family: Arial;\"><span style=\"color: #0000ff;\">&lt;<a style=\"color: #0000ff;\" href=\"https:\/\/lemotdujour.fr\/?p=1961\"><span style=\"text-decoration: underline;\">mardi 18 d\u00e9cembre 2012<\/span><\/a><\/span><span style=\"color: blue;\"><span style=\"text-decoration: underline;\"><span style=\"color: #0000ff; text-decoration: underline;\">&gt;<\/span>\u00a0: <\/span><span style=\"color: #777777;\">\u00ab <span style=\"color: navy;\"><strong>L&rsquo;amiti\u00e9 est la science des hommes libres.<\/strong><span style=\"color: #777777;\"> \u00bb<br \/>\n<\/span><\/span><\/span><\/span><\/span><\/li>\n<\/ul>\n<p><span style=\"color: #777777; font-family: Arial;\">La pause de l&rsquo;\u00e9t\u00e9 m&rsquo;a permis de lire \u00ab\u00a0<strong>Le premier homme<\/strong>\u00a0\u00bb et les vacances d&rsquo;octobre, d&rsquo;avant le deuxi\u00e8me confinement, m&rsquo;ont conduit \u00e0 lire ce que tout le monde conseillait\u00a0: \u00ab\u00a0<strong>La peste<\/strong>\u00a0\u00bb.<br \/>\n<\/span><\/p>\n<p><span style=\"color: #777777; font-family: Arial;\">A partir de ces lectures et peut \u00eatre davantage, si l&rsquo;inspiration me vient, je vais entamer une s\u00e9rie de mots du jour sur Albert Camus.<br \/>\n<\/span><\/p>\n<p><span style=\"color: #777777; font-family: Arial;\">Je vous redonne le lien vers cet admirable documentaire de <strong>Georges-Marc Benamou<\/strong>\u00a0: \u00ab\u00a0<a href=\"https:\/\/www.youtube.com\/watch?v=5CIBtVu17_U\"><span style=\"color: #0000ff;\">Les vies d&rsquo;Albert Camus<\/span>\u00a0<\/a>\u00bb.<br \/>\n<\/span><\/p>\n<p><span style=\"color: maroon; font-family: Arial;\">&lt;1484&gt;<\/span><\/p>\n","protected":false},"excerpt":{"rendered":"<p>\u00ab C\u2019est absurde de mourir dans un accident de voiture. \u00bb Albert Camus C&rsquo;\u00e9tait il y a 60 ans en 1960, mais au d\u00e9but de l&rsquo;ann\u00e9e\u00a0: le 4 janvier 1960 dans l&rsquo;Yonne sur le territoire de la commune de Villeblevin,<\/p>\n","protected":false},"author":1,"featured_media":0,"comment_status":"open","ping_status":"closed","sticky":false,"template":"","format":"standard","meta":{"footnotes":""},"categories":[1],"tags":[15,9,6],"class_list":["post-10036","post","type-post","status-publish","format-standard","hentry","category-motdujour","tag-france","tag-litterature","tag-philosophie"],"_links":{"self":[{"href":"https:\/\/lemotdujour.fr\/index.php?rest_route=\/wp\/v2\/posts\/10036","targetHints":{"allow":["GET"]}}],"collection":[{"href":"https:\/\/lemotdujour.fr\/index.php?rest_route=\/wp\/v2\/posts"}],"about":[{"href":"https:\/\/lemotdujour.fr\/index.php?rest_route=\/wp\/v2\/types\/post"}],"author":[{"embeddable":true,"href":"https:\/\/lemotdujour.fr\/index.php?rest_route=\/wp\/v2\/users\/1"}],"replies":[{"embeddable":true,"href":"https:\/\/lemotdujour.fr\/index.php?rest_route=%2Fwp%2Fv2%2Fcomments&post=10036"}],"version-history":[{"count":14,"href":"https:\/\/lemotdujour.fr\/index.php?rest_route=\/wp\/v2\/posts\/10036\/revisions"}],"predecessor-version":[{"id":14852,"href":"https:\/\/lemotdujour.fr\/index.php?rest_route=\/wp\/v2\/posts\/10036\/revisions\/14852"}],"wp:attachment":[{"href":"https:\/\/lemotdujour.fr\/index.php?rest_route=%2Fwp%2Fv2%2Fmedia&parent=10036"}],"wp:term":[{"taxonomy":"category","embeddable":true,"href":"https:\/\/lemotdujour.fr\/index.php?rest_route=%2Fwp%2Fv2%2Fcategories&post=10036"},{"taxonomy":"post_tag","embeddable":true,"href":"https:\/\/lemotdujour.fr\/index.php?rest_route=%2Fwp%2Fv2%2Ftags&post=10036"}],"curies":[{"name":"wp","href":"https:\/\/api.w.org\/{rel}","templated":true}]}}