{"id":10001,"date":"2020-11-05T02:35:00","date_gmt":"2020-11-05T01:35:00","guid":{"rendered":"http:\/\/lemotdujour.fr\/?p=10001"},"modified":"2020-11-16T15:15:42","modified_gmt":"2020-11-16T14:15:42","slug":"jeudi-5-novembre-2020","status":"publish","type":"post","link":"https:\/\/lemotdujour.fr\/?p=10001","title":{"rendered":"Jeudi 5 novembre 2020"},"content":{"rendered":"<div class=\"mdjTexte\">\u00ab Pause (lendemain des \u00e9lections am\u00e9ricaines) \u00bb<\/div>\n<div class=\"mdjAuteur\">Un jour sans mot du jour nouveau<\/div>\n<p><span style=\"color: #777777; font-family: Arial;\">Donc si je comprends, sans le COVID19 il est probable que Trump aurait \u00e9t\u00e9 \u00e9lu tr\u00e8s largement.<br \/>\n<\/span><\/p>\n<p><img loading=\"lazy\" decoding=\"async\" class=\"alignleft\" src=\"https:\/\/lemotdujour.fr\/wp-content\/uploads\/2020\/11\/110420_2135_Jeudi5novem1.jpg\" alt=\"\" width=\"368\" height=\"302\" align=\"left\"><span style=\"color: #777777; font-family: Arial;\">J&rsquo;\u00e9tais tranquille, Olivier Duhamel qui avait pr\u00e9dit la victoire de Trump contre Hillary Clinton, a dit que cette fois Biden allait gagner.<br \/>\n<\/span><\/p>\n<p><span style=\"color: #777777; font-family: Arial;\">Son raisonnement \u00e9tait simple. <\/span><span style=\"color: #777777; font-family: Arial;\">Les gens votent contre, pas pour.<br \/>\n<\/span><\/p>\n<p><span style=\"color: #777777; font-family: Arial;\">Et cette fois, le rejet de Trump \u00e9tait plus fort que le rejet de Biden que personne ne peut d\u00e9tester.<br \/>\n<\/span><\/p>\n<p><span style=\"color: #777777; font-family: Arial;\">Olivier Duhamel a reconnu qu&rsquo;il s&rsquo;est tromp\u00e9<span style=\"color: #0000ff;\"> <a style=\"color: #0000ff;\" href=\"https:\/\/www.youtube.com\/watch?v=EwqZTPGO9As\">&lt;ICI&gt;<\/a><\/span><br \/>\n<\/span><\/p>\n<p><span style=\"color: #777777; font-family: Arial;\">Il a surestim\u00e9 le rejet de Trump.<br \/>\n<\/span><\/p>\n<p><span style=\"color: #777777; font-family: Arial;\">Parce que, en effet, et c&rsquo;est cela qui me fait ressembler \u00e0 ce chat : il y a eu un v\u00e9ritable vote d&rsquo;adh\u00e9sion \u00e0 Trump.<br \/>\n<\/span><\/p>\n<p><span style=\"color: #777777; font-family: Arial;\">Ce vote n&rsquo;est pas majoritaire, mais il est tr\u00e8s important.<br \/>\n<\/span><\/p>\n<p><span style=\"color: #777777; font-family: Arial;\">Apr\u00e8s 4 ans, apr\u00e8s avoir vu et v\u00e9cu comment cet homme se comportait, mentait, il aura cette fois encore plus de voix que la premi\u00e8re fois. Son total des voix est certes rel\u00e9gu\u00e9 \u00e0 5 millions de voix de Biden qui bat largement le record pr\u00e9c\u00e9dent de voix obtenus par un candidat. Mais ce record pr\u00e9c\u00e9dent qui \u00e9tait celui de Barack Obama lors de sa premi\u00e8re \u00e9lection est aussi battu par Trump.<br \/>\n<\/span><\/p>\n<p><span style=\"color: #777777; font-family: Arial;\">C&rsquo;est insens\u00e9.<br \/>\n<\/span><\/p>\n<p><span style=\"color: #777777; font-family: Arial;\">Je ne sais pas quoi dire de plus aujourd&rsquo;hui.<br \/>\n<\/span><\/p>\n<p><span style=\"color: #c00000; font-family: Arial;\">&lt;mot sans num\u00e9ro&gt; <\/span><\/p>\n","protected":false},"excerpt":{"rendered":"<p>\u00ab Pause (lendemain des \u00e9lections am\u00e9ricaines) \u00bb Un jour sans mot du jour nouveau Donc si je comprends, sans le COVID19 il est probable que Trump aurait \u00e9t\u00e9 \u00e9lu tr\u00e8s largement. J&rsquo;\u00e9tais tranquille, Olivier Duhamel qui avait pr\u00e9dit la victoire<\/p>\n","protected":false},"author":1,"featured_media":0,"comment_status":"open","ping_status":"closed","sticky":false,"template":"","format":"standard","meta":{"footnotes":""},"categories":[1],"tags":[96],"class_list":["post-10001","post","type-post","status-publish","format-standard","hentry","category-motdujour","tag-pause"],"_links":{"self":[{"href":"https:\/\/lemotdujour.fr\/index.php?rest_route=\/wp\/v2\/posts\/10001","targetHints":{"allow":["GET"]}}],"collection":[{"href":"https:\/\/lemotdujour.fr\/index.php?rest_route=\/wp\/v2\/posts"}],"about":[{"href":"https:\/\/lemotdujour.fr\/index.php?rest_route=\/wp\/v2\/types\/post"}],"author":[{"embeddable":true,"href":"https:\/\/lemotdujour.fr\/index.php?rest_route=\/wp\/v2\/users\/1"}],"replies":[{"embeddable":true,"href":"https:\/\/lemotdujour.fr\/index.php?rest_route=%2Fwp%2Fv2%2Fcomments&post=10001"}],"version-history":[{"count":6,"href":"https:\/\/lemotdujour.fr\/index.php?rest_route=\/wp\/v2\/posts\/10001\/revisions"}],"predecessor-version":[{"id":10163,"href":"https:\/\/lemotdujour.fr\/index.php?rest_route=\/wp\/v2\/posts\/10001\/revisions\/10163"}],"wp:attachment":[{"href":"https:\/\/lemotdujour.fr\/index.php?rest_route=%2Fwp%2Fv2%2Fmedia&parent=10001"}],"wp:term":[{"taxonomy":"category","embeddable":true,"href":"https:\/\/lemotdujour.fr\/index.php?rest_route=%2Fwp%2Fv2%2Fcategories&post=10001"},{"taxonomy":"post_tag","embeddable":true,"href":"https:\/\/lemotdujour.fr\/index.php?rest_route=%2Fwp%2Fv2%2Ftags&post=10001"}],"curies":[{"name":"wp","href":"https:\/\/api.w.org\/{rel}","templated":true}]}}