{"id":1000,"date":"2015-02-10T01:00:00","date_gmt":"2015-02-09T22:00:00","guid":{"rendered":"http:\/\/lemotdujour.fr\/?p=1000"},"modified":"2020-11-15T16:50:04","modified_gmt":"2020-11-15T15:50:04","slug":"mardi-10-fevrier-2015","status":"publish","type":"post","link":"https:\/\/lemotdujour.fr\/?p=1000","title":{"rendered":"Mardi 10 f\u00e9vrier 2015"},"content":{"rendered":"<div class=\"mdjTexte\">\u00ab La nomophobie \u00bb<\/div>\n<div class=\"mdjAuteur\">Phobie des temps modernes<\/div>\n<p><span style=\"color: #777777; font-family: Arial;\">La \u00ab nomophobie \u00bb contraction de l&rsquo;expression anglaise \u00ab no mobile phobia \u00bb est constitu\u00e9e par la peur panique de se retrouver sans t\u00e9l\u00e9phone portable.<br \/>\n<\/span><\/p>\n<p><span style=\"color: #777777; font-family: Arial;\">Apr\u00e8s la r\u00e9flexion sur l&rsquo;informatique (mot du jour du 4 f\u00e9vrier), puis sur l&rsquo;intelligence artificielle (mot du jour du 5 f\u00e9vrier), voici une r\u00e9flexion sur un autre outil particuli\u00e8rement pr\u00e9gnant dans notre quotidien.<br \/>\n<\/span><\/p>\n<p><span style=\"color: #777777; font-family: Arial;\">Pendant un d\u00e9jeuner avec une amie, Russell Clayton, doctorant \u00e0 l&rsquo;universit\u00e9 du Missouri, a la surprise de voir sa convive le laisser pr\u00e9cipitamment parce qu&rsquo;elle a oubli\u00e9 son t\u00e9l\u00e9phone portable. Interloqu\u00e9, il a l&rsquo;id\u00e9e de se pencher sur le sentiment de manque, voire de peur, qui habite certaines personnes lorsqu&rsquo;elles sont s\u00e9par\u00e9es de ces petits objets devenus visiblement indispensables.<br \/>\n<\/span><\/p>\n<p><span style=\"color: #777777; font-family: Arial;\">Dans une \u00e9tude intitul\u00e9e \u00ab The Impact of iPhone Separation on Cognition, Emotion and Physiology \u00bb (\u00ab L&rsquo;impact de la s\u00e9paration d&rsquo;avec son mobile sur la cognition, l&rsquo;\u00e9motion et la physiologie \u00bb), publi\u00e9e le 8 janvier, Russell Clayton, doctorant \u00e0 l&rsquo;universit\u00e9 du Missouri, s&rsquo;\u00e9tend sur cette \u00abnomophobie \u00bb et arrive \u00e0 deux conclusions :<br \/>\n<\/span><\/p>\n<ul>\n<li><span style=\"color: #777777; font-family: Arial;\">Le t\u00e9l\u00e9phone portable est devenu \u00ab une extension de nous-m\u00eame \u00bb, \u00e0 la mani\u00e8re du sonar de certains animaux, si bien qu&rsquo;on peut parler d&rsquo; \u00abiSelf \u00bb, de \u00ab soi connect\u00e9 \u00bb.<br \/>\n<\/span><\/li>\n<li><span style=\"color: #777777; font-family: Arial;\">Priv\u00e9 de son mobile, la personne souffrant de \u00ab nomophobie \u00bb a l&rsquo;impression d&rsquo;avoir perdu une part d&rsquo;elle-m\u00eame, et cela \u00ab peut avoir un impact n\u00e9gatif sur ses performances mentales \u00bb.<br \/>\n<\/span><\/li>\n<\/ul>\n<p><span style=\"color: #777777; font-family: Arial;\">A chaque fois que les participants aux tests ont \u00e9t\u00e9 d\u00e9connect\u00e9s, les chercheurs ont constat\u00e9 une augmentation significative de l&rsquo;anxi\u00e9t\u00e9, du rythme cardiaque, des niveaux de pression art\u00e9rielle et une diminution significative de la performance aux tests : les cobayes se sentaient psychologiquement diminu\u00e9s.<br \/>\n<\/span><\/p>\n<p><a href=\"http:\/\/bigbrowser.blog.lemonde.fr\/2015\/01\/23\/la-nomophobie-ou-la-peur-panique-de-se-retrouver-sans-telephone-portable\/\"><span style=\"color: blue; font-family: Arial; text-decoration: underline;\">&lt;Ici le blog du Monde qui parle de cette \u00e9tude&gt;<\/span><\/a><span style=\"color: #777777; font-family: Arial;\"><br \/>\n<\/span><\/p>\n<p><img decoding=\"async\" class=\"alignleft\" src=\"https:\/\/lemotdujour.fr\/wp-content\/uploads\/2018\/01\/012318_2144_Mardi10fvri1.jpg\" alt=\"\" align=\"left\"><\/p>\n<p><span style=\"color: #777777; font-family: Arial;\"> Un <span style=\"color: #0000ff;\"><a style=\"color: #0000ff;\" href=\"http:\/\/www.huffingtonpost.fr\/2015\/02\/06\/photo-baleine-a-bosse-instagram-eric-smith-smartphone-telephone-portable_n_6628910.html?utm_hp_ref=france\">&lt;article&gt;<\/a><\/span> et une photo ci-apr\u00e8s montrent tous les ravages de la portable-d\u00e9pendance : on regarde son portable alors que le spectacle de la nature, juste \u00e0 c\u00f4t\u00e9 est si beau :<\/span><\/p>\n<p><span style=\"color: #777777; font-family: Arial;\">Pour finir, cette histoire racont\u00e9e par Michel Serres qui avait offert \u00e0 une petite fille de sa famille le livre \u00ab Robinson Cruso\u00e9 \u00bb. Peu de temps apr\u00e8s il lui a demand\u00e9 :<br \/>\n<\/span><\/p>\n<p style=\"margin-left: 28pt;\"><span style=\"color: #c00000; font-family: Arial;\">\u00ab qu&rsquo;as-tu pens\u00e9 de ce livre ? \u00bb<br \/>\n<\/span><\/p>\n<p><span style=\"color: #777777; font-family: Arial;\">Elle a alors r\u00e9pondu :<br \/>\n<\/span><\/p>\n<p style=\"margin-left: 28pt;\"><span style=\"color: #c00000; font-family: Arial;\">\u00ab Bof ! C&rsquo;est ce qui arrive quand on oublie son t\u00e9l\u00e9phone portable \u00bb.<br \/>\n<\/span><\/p>\n<p><span style=\"color: #777777; font-family: Arial;\">Michel Serres, pour ne pas remettre en cause la repr\u00e9sentation de l&rsquo;univers de sa ni\u00e8ce qui ne pouvait concevoir un monde sans portable, lui a expliqu\u00e9 \u00ab Non, non, il ne l&rsquo;avait pas oubli\u00e9, mais il n&rsquo;y avait pas de r\u00e9seau sur cette \u00eele ! \u00bb<br \/>\n<\/span><\/p>\n<p><span style=\"color: #777777; font-family: Arial;\">L&rsquo;ordinateur est abruti, c&rsquo;est entendu, mais le portable n&rsquo;aurait-il pas pour effet de rendre son utilisateur d\u00e9bile ?<br \/>\n<\/span><\/p>\n<p>&nbsp;<\/p>\n<p><span style=\"color: #800000;\">&lt;437&gt;<\/span><\/p>\n","protected":false},"excerpt":{"rendered":"<p>\u00ab La nomophobie \u00bb Phobie des temps modernes La \u00ab nomophobie \u00bb contraction de l&rsquo;expression anglaise \u00ab no mobile phobia \u00bb est constitu\u00e9e par la peur panique de se retrouver sans t\u00e9l\u00e9phone portable. Apr\u00e8s la r\u00e9flexion sur l&rsquo;informatique (mot du<\/p>\n","protected":false},"author":1,"featured_media":0,"comment_status":"closed","ping_status":"closed","sticky":false,"template":"","format":"standard","meta":{"footnotes":""},"categories":[1],"tags":[48,32,7],"class_list":["post-1000","post","type-post","status-publish","format-standard","hentry","category-motdujour","tag-nature","tag-numerique","tag-societe"],"_links":{"self":[{"href":"https:\/\/lemotdujour.fr\/index.php?rest_route=\/wp\/v2\/posts\/1000","targetHints":{"allow":["GET"]}}],"collection":[{"href":"https:\/\/lemotdujour.fr\/index.php?rest_route=\/wp\/v2\/posts"}],"about":[{"href":"https:\/\/lemotdujour.fr\/index.php?rest_route=\/wp\/v2\/types\/post"}],"author":[{"embeddable":true,"href":"https:\/\/lemotdujour.fr\/index.php?rest_route=\/wp\/v2\/users\/1"}],"replies":[{"embeddable":true,"href":"https:\/\/lemotdujour.fr\/index.php?rest_route=%2Fwp%2Fv2%2Fcomments&post=1000"}],"version-history":[{"count":3,"href":"https:\/\/lemotdujour.fr\/index.php?rest_route=\/wp\/v2\/posts\/1000\/revisions"}],"predecessor-version":[{"id":9263,"href":"https:\/\/lemotdujour.fr\/index.php?rest_route=\/wp\/v2\/posts\/1000\/revisions\/9263"}],"wp:attachment":[{"href":"https:\/\/lemotdujour.fr\/index.php?rest_route=%2Fwp%2Fv2%2Fmedia&parent=1000"}],"wp:term":[{"taxonomy":"category","embeddable":true,"href":"https:\/\/lemotdujour.fr\/index.php?rest_route=%2Fwp%2Fv2%2Fcategories&post=1000"},{"taxonomy":"post_tag","embeddable":true,"href":"https:\/\/lemotdujour.fr\/index.php?rest_route=%2Fwp%2Fv2%2Ftags&post=1000"}],"curies":[{"name":"wp","href":"https:\/\/api.w.org\/{rel}","templated":true}]}}